{"content":"<div class=\"row inline-row\">\r\n                <div class=\"col-md-6 col-xs-12 inline-col feed-item\">\r\n            <div class=\"clearfix\">\r\n        <div class=\"img\">\r\n            <a  href=\"https:\/\/kemkik.positive.hu\/hirek\/vallalkozoi-iranytu-ingyenes-kepzest-indit-az-mkik-gyakorlati-tudas-kezdoknek-es-haladoknak\" tabindex=\"-1\">\r\n                <img class=\"img-responsive img-center\" src=\"\/uploads\/feed_items\/small-magnetic-compass-1920-1-17556041759747.jpg\" alt=\"V\u00e1llalkoz\u00f3i Ir\u00e1nyt\u0171: ingyenes k\u00e9pz\u00e9st ind\u00edt az MKIK \u2013 gyakorlati tud\u00e1s kezd\u0151knek \u00e9s halad\u00f3knak\">\r\n            <\/a>\r\n        <\/div>\r\n        <div class=\"info\">\r\n            <div class=\"title\"><a  href=\"https:\/\/kemkik.positive.hu\/hirek\/vallalkozoi-iranytu-ingyenes-kepzest-indit-az-mkik-gyakorlati-tudas-kezdoknek-es-haladoknak\">V\u00e1llalkoz\u00f3i Ir\u00e1nyt\u0171: ingyenes k\u00e9pz\u00e9st ind\u00edt az MKIK \u2013 gyakorlati tud\u00e1s kezd\u0151knek \u00e9s halad\u00f3knak<\/a><\/div>\r\n                            <ul class=\"categories\">\r\n                                            <li><a style=\"background: #475732; color: #ffffff\" href=\"https:\/\/kemkik.positive.hu\/hirek\/rendezvenyek\">Rendezv\u00e9nyek<\/a><\/li>\r\n                                        <li><span class=\"public-at\">2025. augusztus 18.<\/span><\/li>\r\n                <\/ul>\r\n                        <div class=\"desc\"><p style=\"text-align:justify\">A Magyar Kereskedelmi \u00e9s Iparkamara <em>(Enged\u00e9lysz\u00e1m: E\/2021\/000218)&nbsp;<\/em>a ter\u00fcleti kamar\u00e1k k\u00f6zrem\u0171k\u00f6d\u00e9s\u00e9vel \u00faj, t\u00e9r\u00edt\u00e9smentes k\u00e9pz\u00e9st ind\u00edt v\u00e1llalkoz\u00e1st tervez\u0151k \u00e9s m\u00e1r m\u0171k\u00f6d\u0151 c\u00e9gek vezet\u0151i sz\u00e1m\u00e1ra. A \u201eV\u00e1llalkoz\u00f3i Ir\u00e1nyt\u0171\u201d elnevez\u00e9s\u0171 program c\u00e9lja, hogy gyakorlati, azonnal alkalmazhat\u00f3 tud\u00e1st ny\u00fajtson a r\u00e9sztvev\u0151knek p\u00e9nz\u00fcgyi, adminisztrat\u00edv \u00e9s strat\u00e9giai k\u00e9rd\u00e9sekben.<\/p><\/div>\r\n        <\/div>\r\n    <\/div>\r\n        <\/div>\r\n            <div class=\"col-md-6 col-xs-12 inline-col feed-item\">\r\n            <div class=\"clearfix\">\r\n        <div class=\"img\">\r\n            <a  href=\"https:\/\/kemkik.positive.hu\/hirek\/europa-szamokban-hanyan-dolgozunk-nyugdij-utan\" tabindex=\"-1\">\r\n                <img class=\"img-responsive img-center\" src=\"\/uploads\/feed_items\/small-ny-istock-17568140281951.jpg\" alt=\"Eur\u00f3pa sz\u00e1mokban: h\u00e1nyan dolgozunk nyugd\u00edj ut\u00e1n?\">\r\n            <\/a>\r\n        <\/div>\r\n        <div class=\"info\">\r\n            <div class=\"title\"><a  href=\"https:\/\/kemkik.positive.hu\/hirek\/europa-szamokban-hanyan-dolgozunk-nyugdij-utan\">Eur\u00f3pa sz\u00e1mokban: h\u00e1nyan dolgozunk nyugd\u00edj ut\u00e1n?<\/a><\/div>\r\n                            <ul class=\"categories\">\r\n                                            <li><a style=\"background: #415d19; color: #ffffff\" href=\"https:\/\/kemkik.positive.hu\/hirek\/europe-direct-hirek\">Europe Direct h\u00edrek<\/a><\/li>\r\n                                        <li><span class=\"public-at\">2025. augusztus 15.<\/span><\/li>\r\n                <\/ul>\r\n                        <div class=\"desc\"><p style=\"text-align:justify\">K\u00f6r\u00fclbel\u00fcl minden \u00f6t\u00f6dik uni\u00f3s polg\u00e1r, \u00e9s minden negyedik magyar tov\u00e1bb dolgozik a nyugd\u00edj ut\u00e1n.&nbsp;<\/p><\/div>\r\n        <\/div>\r\n    <\/div>\r\n        <\/div>\r\n            <div class=\"col-md-6 col-xs-12 inline-col feed-item\">\r\n            <div class=\"clearfix\">\r\n        <div class=\"img\">\r\n            <a  href=\"https:\/\/kemkik.positive.hu\/hirek\/palyazati-felhivas-oktatok-szamara-vallalkozoi-iranytu-kepzes\" tabindex=\"-1\">\r\n                <img class=\"img-responsive img-center\" src=\"\/uploads\/feed_items\/small-finance-1280-1-17546452600247.jpg\" alt=\"P\u00c1LY\u00c1ZATI FELH\u00cdV\u00c1S OKTAT\u00d3K SZ\u00c1M\u00c1RA \u2013 \u201eV\u00c1LLALKOZ\u00d3I IR\u00c1NYT\u0170\u201d K\u00c9PZ\u00c9S\">\r\n            <\/a>\r\n        <\/div>\r\n        <div class=\"info\">\r\n            <div class=\"title\"><a  href=\"https:\/\/kemkik.positive.hu\/hirek\/palyazati-felhivas-oktatok-szamara-vallalkozoi-iranytu-kepzes\">P\u00c1LY\u00c1ZATI FELH\u00cdV\u00c1S OKTAT\u00d3K SZ\u00c1M\u00c1RA \u2013 \u201eV\u00c1LLALKOZ\u00d3I IR\u00c1NYT\u0170\u201d K\u00c9PZ\u00c9S<\/a><\/div>\r\n                            <ul class=\"categories\">\r\n                                            <li><a style=\"background: #8b3b0d; color: #ffffff\" href=\"https:\/\/kemkik.positive.hu\/hirek\/palyazatok\">P\u00e1ly\u00e1zatok<\/a><\/li>\r\n                                        <li><span class=\"public-at\">2025. augusztus 08.<\/span><\/li>\r\n                <\/ul>\r\n                        <div class=\"desc\"><p><strong>A Magyar Kereskedelmi \u00e9s Iparkamara Szakk\u00e9pz\u00e9si \u00e9s Feln\u0151ttk\u00e9pz\u00e9si Igazgat\u00f3s\u00e1g\u00e1nak, Feln\u0151ttk\u00e9pz\u00e9si Oszt\u00e1lya, oktat\u00f3kat, szak\u00e9rt\u0151ket keres a \u201eV\u00e1llalkoz\u00f3i Ir\u00e1nyt\u0171\u201d c\u00edm\u0171, kis- \u00e9s k\u00f6z\u00e9pv\u00e1llalkoz\u00e1sok sz\u00e1m\u00e1ra meghirdetett blended learning k\u00e9pz\u00e9s lebonyol\u00edt\u00e1s\u00e1hoz.<\/strong><\/p><\/div>\r\n        <\/div>\r\n    <\/div>\r\n        <\/div>\r\n            <div class=\"col-md-6 col-xs-12 inline-col feed-item\">\r\n            <div class=\"clearfix\">\r\n        <div class=\"img\">\r\n            <a  href=\"https:\/\/kemkik.positive.hu\/hirek\/eu-megallapodas-az-egyesult-allamokkal\" tabindex=\"-1\">\r\n                <img class=\"img-responsive img-center\" src=\"\/uploads\/feed_items\/small-5248498394194417-n-17568020849696.jpg\" alt=\"EU meg\u00e1llapod\u00e1s az Egyes\u00fclt \u00c1llamokkal\">\r\n            <\/a>\r\n        <\/div>\r\n        <div class=\"info\">\r\n            <div class=\"title\"><a  href=\"https:\/\/kemkik.positive.hu\/hirek\/eu-megallapodas-az-egyesult-allamokkal\">EU meg\u00e1llapod\u00e1s az Egyes\u00fclt \u00c1llamokkal<\/a><\/div>\r\n                            <ul class=\"categories\">\r\n                                            <li><a style=\"background: #415d19; color: #ffffff\" href=\"https:\/\/kemkik.positive.hu\/hirek\/europe-direct-hirek\">Europe Direct h\u00edrek<\/a><\/li>\r\n                                        <li><span class=\"public-at\">2025. augusztus 05.<\/span><\/li>\r\n                <\/ul>\r\n                        <div class=\"desc\"><p style=\"text-align:justify\">Az EU meg\u00e1llapodott az Egyes\u00fclt \u00c1llamokkal egy egys\u00e9ges, 15 sz\u00e1zal\u00e9kos v\u00e1mt\u00e9telben az EU-export t\u00falnyom\u00f3 t\u00f6bbs\u00e9g\u00e9re vonatkoz\u00f3an \u2013 jelentette be Ursula von der Leyen, az Eur\u00f3pai Bizotts\u00e1g eln\u00f6ke Donald Trump amerikai eln\u00f6kkel folytatott egyeztet\u00e9s\u00e9t k\u00f6vet\u0151en.<\/p><\/div>\r\n        <\/div>\r\n    <\/div>\r\n        <\/div>\r\n            <div class=\"col-md-6 col-xs-12 inline-col feed-item\">\r\n            <div class=\"clearfix\">\r\n        <div class=\"img\">\r\n            <a  href=\"https:\/\/kemkik.positive.hu\/hirek\/az-europai-bizottsag-jovahagyta-a-magyarorszagi-koszeg-koszegi-elnevezes-oltalom-alatt-allo-eredetmegjeloleskent-oem-valo-bejegyzeset\" tabindex=\"-1\">\r\n                <img class=\"img-responsive img-center\" src=\"\/uploads\/feed_items\/small-wine-1920-17568022948262.jpg\" alt=\"Az Eur\u00f3pai Bizotts\u00e1g j\u00f3v\u00e1hagyta a magyarorsz\u00e1gi \u201eK\u0151szeg \/ K\u0151szegi\u201d elnevez\u00e9s oltalom alatt \u00e1ll\u00f3 eredetmegjel\u00f6l\u00e9sk\u00e9nt (OEM) val\u00f3 bejegyz\u00e9s\u00e9t\">\r\n            <\/a>\r\n        <\/div>\r\n        <div class=\"info\">\r\n            <div class=\"title\"><a  href=\"https:\/\/kemkik.positive.hu\/hirek\/az-europai-bizottsag-jovahagyta-a-magyarorszagi-koszeg-koszegi-elnevezes-oltalom-alatt-allo-eredetmegjeloleskent-oem-valo-bejegyzeset\">Az Eur\u00f3pai Bizotts\u00e1g j\u00f3v\u00e1hagyta a magyarorsz\u00e1gi \u201eK\u0151szeg \/ K\u0151szegi\u201d elnevez\u00e9s oltalom alatt \u00e1ll\u00f3 eredetmegjel\u00f6l\u00e9sk\u00e9nt (OEM) val\u00f3 bejegyz\u00e9s\u00e9t<\/a><\/div>\r\n                            <ul class=\"categories\">\r\n                                            <li><a style=\"background: #415d19; color: #ffffff\" href=\"https:\/\/kemkik.positive.hu\/hirek\/europe-direct-hirek\">Europe Direct h\u00edrek<\/a><\/li>\r\n                                        <li><span class=\"public-at\">2025. j\u00falius 25.<\/span><\/li>\r\n                <\/ul>\r\n                        <div class=\"desc\"><p style=\"text-align:justify\">A \u201eK\u0151szeg \/ K\u0151szegi\u201d borok jellemz\u0151it az Alpok k\u00f6zels\u00e9ge, a t\u00e9rs\u00e9g k\u0151zetk\u00e9pz\u0151dm\u00e9nyei, valamint a h\u0171v\u00f6s, de kiegyens\u00falyozott, a nappali \u00e9s \u00e9jszakai h\u0151m\u00e9rs\u00e9klet k\u00f6z\u00f6tt mark\u00e1ns k\u00fcl\u00f6nbs\u00e9geket mutat\u00f3 \u00e9ghajlat hat\u00e1rozz\u00e1k meg.&nbsp;<\/p><\/div>\r\n        <\/div>\r\n    <\/div>\r\n        <\/div>\r\n            <div class=\"col-md-6 col-xs-12 inline-col feed-item\">\r\n            <div class=\"clearfix\">\r\n        <div class=\"img\">\r\n            <a  href=\"https:\/\/kemkik.positive.hu\/hirek\/valtozasok-a-demjan-sandor-tokeprogramban-mar-tobb-mint-felszaz-ceg-fejlesztesi-terveirol-szuletett-dontes\" tabindex=\"-1\">\r\n                <img class=\"img-responsive img-center\" src=\"\/uploads\/feed_items\/small-money-1920-3-forint-17530992113176.jpg\" alt=\"V\u00e1ltoz\u00e1sok a Demj\u00e1n S\u00e1ndor T\u0151keprogramban - m\u00e1r t\u00f6bb mint f\u00e9lsz\u00e1z c\u00e9g fejleszt\u00e9si terveir\u0151l sz\u00fcletett d\u00f6nt\u00e9s\">\r\n            <\/a>\r\n        <\/div>\r\n        <div class=\"info\">\r\n            <div class=\"title\"><a  href=\"https:\/\/kemkik.positive.hu\/hirek\/valtozasok-a-demjan-sandor-tokeprogramban-mar-tobb-mint-felszaz-ceg-fejlesztesi-terveirol-szuletett-dontes\">V\u00e1ltoz\u00e1sok a Demj\u00e1n S\u00e1ndor T\u0151keprogramban - m\u00e1r t\u00f6bb mint f\u00e9lsz\u00e1z c\u00e9g fejleszt\u00e9si terveir\u0151l sz\u00fcletett d\u00f6nt\u00e9s<\/a><\/div>\r\n                            <ul class=\"categories\">\r\n                                            <li><a style=\"background: #8b3b0d; color: #ffffff\" href=\"https:\/\/kemkik.positive.hu\/hirek\/palyazatok\">P\u00e1ly\u00e1zatok<\/a><\/li>\r\n                                            <li><a style=\"background: #535667; color: #ffffff\" href=\"https:\/\/kemkik.positive.hu\/hirek\/gazdasag\">Gazdas\u00e1g<\/a><\/li>\r\n                                        <li><span class=\"public-at\">2025. j\u00falius 21.<\/span><\/li>\r\n                <\/ul>\r\n                        <div class=\"desc\"><p style=\"text-align:justify\">A Demj\u00e1n S\u00e1ndor Program keret\u00e9ben a Korm\u00e1ny t\u00f6bb, mint 1.400 milli\u00e1rd forintnyi forr\u00e1ssal t\u00e1mogatja a v\u00e1llalkoz\u00e1sok meger\u0151s\u00edt\u00e9s\u00e9t, \u00edgy nemcsak a gazdas\u00e1g fejl\u0151d\u00e9s\u00e9hez, hanem a csal\u00e1dok anyagi biztons\u00e1g\u00e1hoz is hozz\u00e1j\u00e1rul, hiszen a hazai v\u00e1llalkoz\u00e1sok 99 sz\u00e1zal\u00e9k\u00e1t ad\u00f3 kkv-szektor a foglalkoztatottak 72 sz\u00e1zal\u00e9k\u00e1nak biztos\u00edt meg\u00e9lhet\u00e9st.<\/p><\/div>\r\n        <\/div>\r\n    <\/div>\r\n        <\/div>\r\n            <div class=\"col-md-6 col-xs-12 inline-col feed-item\">\r\n            <div class=\"clearfix\">\r\n        <div class=\"img\">\r\n            <a  href=\"https:\/\/kemkik.positive.hu\/hirek\/egyre-jobb-az-europai-furdovizek-minosege\" tabindex=\"-1\">\r\n                <img class=\"img-responsive img-center\" src=\"\/uploads\/feed_items\/small-beach-1920-17528271092927.jpg\" alt=\"Egyre jobb az eur\u00f3pai f\u00fcrd\u0151vizek min\u0151s\u00e9ge\">\r\n            <\/a>\r\n        <\/div>\r\n        <div class=\"info\">\r\n            <div class=\"title\"><a  href=\"https:\/\/kemkik.positive.hu\/hirek\/egyre-jobb-az-europai-furdovizek-minosege\">Egyre jobb az eur\u00f3pai f\u00fcrd\u0151vizek min\u0151s\u00e9ge<\/a><\/div>\r\n                            <ul class=\"categories\">\r\n                                            <li><a style=\"background: #415d19; color: #ffffff\" href=\"https:\/\/kemkik.positive.hu\/hirek\/europe-direct-hirek\">Europe Direct h\u00edrek<\/a><\/li>\r\n                                        <li><span class=\"public-at\">2025. j\u00falius 18.<\/span><\/li>\r\n                <\/ul>\r\n                        <div class=\"desc\"><p style=\"text-align:justify\">B\u00e1tran csobbanhatunk a k\u00e1nikul\u00e1ban: az eur\u00f3pai f\u00fcrd\u0151vizek min\u0151s\u00e9ge tov\u00e1bbra is nagyon j\u00f3. A tavalyi vizsg\u00e1latok alapj\u00e1n t\u00f6bb mint 85 sz\u00e1zal\u00e9kuk kiv\u00e1l\u00f3, 96 sz\u00e1zal\u00e9kuk pedig legal\u00e1bb megfelel\u0151 min\u0151s\u00e9g\u0171. A magyarorsz\u00e1gi vizek min\u0151s\u00e9ge sajnos az uni\u00f3s \u00e1tlag alatt van, de szerencs\u00e9re \u00edgy sem rossz, r\u00e1ad\u00e1sul folyamatosan javul. Posztunkb\u00f3l kider\u00fcl, hol tal\u00e1lhattok j\u00f3l kezelt f\u00fcrd\u0151helyeket Eur\u00f3p\u00e1ban \u00e9s itthon.<\/p><\/div>\r\n        <\/div>\r\n    <\/div>\r\n        <\/div>\r\n            <div class=\"col-md-6 col-xs-12 inline-col feed-item\">\r\n            <div class=\"clearfix\">\r\n        <div class=\"img\">\r\n            <a  href=\"https:\/\/kemkik.positive.hu\/hirek\/segitseg-es-tanacsok-az-unios-polgarok-es-csaladtagjaik-szamara-utazas\" tabindex=\"-1\">\r\n                <img class=\"img-responsive img-center\" src=\"\/uploads\/feed_items\/small-airport-1920-1752567514146.jpg\" alt=\"Seg\u00edts\u00e9g \u00e9s tan\u00e1csok az uni\u00f3s polg\u00e1rok \u00e9s csal\u00e1dtagjaik sz\u00e1m\u00e1ra: Utaz\u00e1s\">\r\n            <\/a>\r\n        <\/div>\r\n        <div class=\"info\">\r\n            <div class=\"title\"><a  href=\"https:\/\/kemkik.positive.hu\/hirek\/segitseg-es-tanacsok-az-unios-polgarok-es-csaladtagjaik-szamara-utazas\">Seg\u00edts\u00e9g \u00e9s tan\u00e1csok az uni\u00f3s polg\u00e1rok \u00e9s csal\u00e1dtagjaik sz\u00e1m\u00e1ra: Utaz\u00e1s<\/a><\/div>\r\n                            <ul class=\"categories\">\r\n                                            <li><a style=\"background: #415d19; color: #ffffff\" href=\"https:\/\/kemkik.positive.hu\/hirek\/europe-direct-hirek\">Europe Direct h\u00edrek<\/a><\/li>\r\n                                        <li><span class=\"public-at\">2025. j\u00falius 15.<\/span><\/li>\r\n                <\/ul>\r\n                        <div class=\"desc\"><p style=\"text-align:justify\">Az Eur\u00f3pai Uni\u00f3 polg\u00e1raik\u00e9nt sz\u00e1mos utaz\u00e1si jog \u00e9s el\u0151ny illet meg benn\u00fcnket. A schengeni \u00f6vezet szabads\u00e1got biztos\u00edt a hat\u00e1rokon \u00e1t t\u00f6rt\u00e9n\u0151 mozg\u00e1sban, mik\u00f6zben k\u00f6z\u00f6s szab\u00e1lyok v\u00e9dik jogainkat utaz\u00e1s \u00e9s&nbsp;tart\u00f3zkod\u00e1s sor\u00e1n. Ebb\u0151l az \u00f6sszefoglal\u00f3b\u00f3l kider\u00fcl, hogy mivel \u00e9rdemes tiszt\u00e1ban lenni, ha az EU-ban utazunk.<\/p><\/div>\r\n        <\/div>\r\n    <\/div>\r\n        <\/div>\r\n    <\/div>\r\n\r\n<ul class=\"pagination text-center\">\r\n                    <li class=\"left\"><a aria-label=\"El\u0151z\u0151\" href=\"https:\/\/kemkik.positive.hu\/api\/feeds\/page?page=12\" rel=\"nofollow\"><i aria-hidden=\"true\" class=\"icon icon-arrow-flat-left\"><\/i><\/a><\/li>\r\n        \r\n                    \r\n                                                                        <li><a href=\"https:\/\/kemkik.positive.hu\/api\/feeds\/page?page=1\" rel=\"nofollow\" aria-label=\"1. oldal bet\u00f6lt\u00e9se\">01<\/a><\/li>\r\n                                                                                <li><a href=\"https:\/\/kemkik.positive.hu\/api\/feeds\/page?page=2\" rel=\"nofollow\" aria-label=\"2. oldal bet\u00f6lt\u00e9se\">02<\/a><\/li>\r\n                                                                                    <li class=\"disabled\"><span>...<\/span><\/li>\r\n            \r\n                                \r\n                                                                        <li><a href=\"https:\/\/kemkik.positive.hu\/api\/feeds\/page?page=10\" rel=\"nofollow\" aria-label=\"10. oldal bet\u00f6lt\u00e9se\">10<\/a><\/li>\r\n                                                                                <li><a href=\"https:\/\/kemkik.positive.hu\/api\/feeds\/page?page=11\" rel=\"nofollow\" aria-label=\"11. oldal bet\u00f6lt\u00e9se\">11<\/a><\/li>\r\n                                                                                <li><a href=\"https:\/\/kemkik.positive.hu\/api\/feeds\/page?page=12\" rel=\"nofollow\" aria-label=\"12. oldal bet\u00f6lt\u00e9se\">12<\/a><\/li>\r\n                                                                                <li class=\"active\" aria-label=\"13. oldal bet\u00f6lt\u00e9se\"><span>13<\/span><\/li>\r\n                                                                                <li><a href=\"https:\/\/kemkik.positive.hu\/api\/feeds\/page?page=14\" rel=\"nofollow\" aria-label=\"14. oldal bet\u00f6lt\u00e9se\">14<\/a><\/li>\r\n                                                                                <li><a href=\"https:\/\/kemkik.positive.hu\/api\/feeds\/page?page=15\" rel=\"nofollow\" aria-label=\"15. oldal bet\u00f6lt\u00e9se\">15<\/a><\/li>\r\n                                                                                <li><a href=\"https:\/\/kemkik.positive.hu\/api\/feeds\/page?page=16\" rel=\"nofollow\" aria-label=\"16. oldal bet\u00f6lt\u00e9se\">16<\/a><\/li>\r\n                                                                                    <li class=\"disabled\"><span>...<\/span><\/li>\r\n            \r\n                                \r\n                                                                        <li><a href=\"https:\/\/kemkik.positive.hu\/api\/feeds\/page?page=94\" rel=\"nofollow\" aria-label=\"94. oldal bet\u00f6lt\u00e9se\">94<\/a><\/li>\r\n                                                                                <li><a href=\"https:\/\/kemkik.positive.hu\/api\/feeds\/page?page=95\" rel=\"nofollow\" aria-label=\"95. oldal bet\u00f6lt\u00e9se\">95<\/a><\/li>\r\n                                                        \r\n                    <li class=\"right\"><a aria-label=\"K\u00f6vetkez\u0151\" href=\"https:\/\/kemkik.positive.hu\/api\/feeds\/page?page=14\" rel=\"nofollow\"><i aria-hidden=\"true\" class=\"icon icon-arrow-flat-right\"><\/i><\/a><\/li>\r\n            <\/ul>\r\n\r\n","page":"13"}