{"content":"<div class=\"row inline-row\">\r\n                <div class=\"col-md-6 col-xs-12 inline-col feed-item\">\r\n            <div class=\"clearfix\">\r\n        <div class=\"img\">\r\n            <a  href=\"https:\/\/kemkik.positive.hu\/hirek\/az-europai-unio-tanacsanak-lengyel-elnoksege-2025-januar-1-junius-30\" tabindex=\"-1\">\r\n                <img class=\"img-responsive img-center\" src=\"\/uploads\/feed_items\/small-old-town-1920-17374631855218.jpg\" alt=\"Az Eur\u00f3pai Uni\u00f3 Tan\u00e1cs\u00e1nak lengyel eln\u00f6ks\u00e9ge: 2025. janu\u00e1r 1. \u2013 j\u00fanius 30.\">\r\n            <\/a>\r\n        <\/div>\r\n        <div class=\"info\">\r\n            <div class=\"title\"><a  href=\"https:\/\/kemkik.positive.hu\/hirek\/az-europai-unio-tanacsanak-lengyel-elnoksege-2025-januar-1-junius-30\">Az Eur\u00f3pai Uni\u00f3 Tan\u00e1cs\u00e1nak lengyel eln\u00f6ks\u00e9ge: 2025. janu\u00e1r 1. \u2013 j\u00fanius 30.<\/a><\/div>\r\n                            <ul class=\"categories\">\r\n                                            <li><a style=\"background: #415d19; color: #ffffff\" href=\"https:\/\/kemkik.positive.hu\/hirek\/europe-direct-hirek\">Europe Direct h\u00edrek<\/a><\/li>\r\n                                        <li><span class=\"public-at\">2025. janu\u00e1r 08.<\/span><\/li>\r\n                <\/ul>\r\n                        <div class=\"desc\"><p style=\"text-align:justify\">A Tan\u00e1cs eln\u00f6ks\u00e9g\u00e9t f\u00e9l\u00e9vente m\u00e1s-m\u00e1s uni\u00f3s tag\u00e1llam adja. E f\u00e9l\u00e9ves id\u0151szak sor\u00e1n a Tan\u00e1cs minden szintj\u00e9n a soros eln\u00f6ks\u00e9g vezeti az \u00fcl\u00e9seket, amivel hozz\u00e1j\u00e1rul az Uni\u00f3 Tan\u00e1csban v\u00e9gzett munk\u00e1ja folytonoss\u00e1g\u00e1nak biztos\u00edt\u00e1s\u00e1hoz.<\/p><\/div>\r\n        <\/div>\r\n    <\/div>\r\n        <\/div>\r\n            <div class=\"col-md-6 col-xs-12 inline-col feed-item\">\r\n            <div class=\"clearfix\">\r\n        <div class=\"img\">\r\n            <a  href=\"https:\/\/kemkik.positive.hu\/hirek\/tamogatas-innovativ-kkv-knak\" tabindex=\"-1\">\r\n                <img class=\"img-responsive img-center\" src=\"\/uploads\/feed_items\/small-innovation-1920-4-1736328426402.jpg\" alt=\"T\u00e1mogat\u00e1s innovat\u00edv kkv-knak\">\r\n            <\/a>\r\n        <\/div>\r\n        <div class=\"info\">\r\n            <div class=\"title\"><a  href=\"https:\/\/kemkik.positive.hu\/hirek\/tamogatas-innovativ-kkv-knak\">T\u00e1mogat\u00e1s innovat\u00edv kkv-knak<\/a><\/div>\r\n                            <ul class=\"categories\">\r\n                                            <li><a style=\"background: #117391; color: #ffffff\" href=\"https:\/\/kemkik.positive.hu\/hirek\/innovacios-hirek\">Innov\u00e1ci\u00f3s h\u00edrek<\/a><\/li>\r\n                                            <li><a style=\"background: #8b3b0d; color: #ffffff\" href=\"https:\/\/kemkik.positive.hu\/hirek\/palyazatok\">P\u00e1ly\u00e1zatok<\/a><\/li>\r\n                                        <li><span class=\"public-at\">2025. janu\u00e1r 08.<\/span><\/li>\r\n                <\/ul>\r\n                        <div class=\"desc\"><p style=\"text-align:justify\">Van egy innovat\u00edv \u00f6tlete, amellyel szeretne piacra l\u00e9pni, \u00e9s \u00e9rdekli, hogyan tudja ezt gyorsan, hat\u00e9konyan megtenni? \u00d6r\u00f6mmel t\u00e1j\u00e9koztatjuk, hogy a&nbsp;Magyar Innov\u00e1ci\u00f3s \u00dcgyn\u00f6ks\u00e9g Nonprofit Zrt. 2025. janu\u00e1r 28-\u00e1n egy innovat\u00edv kkv-knak \u00e9s startupoknak sz\u00f3l\u00f3 voucher programot ind\u00edt.<\/p><\/div>\r\n        <\/div>\r\n    <\/div>\r\n        <\/div>\r\n            <div class=\"col-md-6 col-xs-12 inline-col feed-item\">\r\n            <div class=\"clearfix\">\r\n        <div class=\"img\">\r\n            <a  href=\"https:\/\/kemkik.positive.hu\/hirek\/konyvelok-klubja-2025-bejegyzesi-kerelem\" tabindex=\"-1\">\r\n                <img class=\"img-responsive img-center\" src=\"\/uploads\/feed_items\/small-folder-1920-17362350089199.jpg\" alt=\"K\u00f6nyvel\u0151k Klubja 2025  - Bejegyz\u00e9si k\u00e9relem\">\r\n            <\/a>\r\n        <\/div>\r\n        <div class=\"info\">\r\n            <div class=\"title\"><a  href=\"https:\/\/kemkik.positive.hu\/hirek\/konyvelok-klubja-2025-bejegyzesi-kerelem\">K\u00f6nyvel\u0151k Klubja 2025  - Bejegyz\u00e9si k\u00e9relem<\/a><\/div>\r\n                            <ul class=\"categories\">\r\n                                            <li><a style=\"background: #305f31; color: #ffffff\" href=\"https:\/\/kemkik.positive.hu\/hirek\/kemkik-hirek\">KEMKIK h\u00edrek<\/a><\/li>\r\n                                        <li><span class=\"public-at\">2025. janu\u00e1r 07.<\/span><\/li>\r\n                <\/ul>\r\n                        <div class=\"desc\"><p style=\"text-align:justify\">Huszonn\u00e9gy&nbsp;\u00e9ve sikeresen m\u0171k\u00f6dik legels\u0151 szakmai klubunk, a&nbsp;<strong>\"K\u00f6nyvel\u0151k Klubja\u201d 2025-ben<\/strong>&nbsp;is sz\u00edvesen&nbsp;is v\u00e1rja a jelentkez\u0151ket. 2025-ben is folytatjuk a konzult\u00e1ci\u00f3val egybek\u00f6t\u00f6tt aktu\u00e1lis t\u00e9mak\u00f6r\u00f6ket feldolgoz\u00f3 sz\u00e1mviteli programsorozatunkat. Tov\u00e1bbra is a tagok ig\u00e9nyei szerint form\u00e1ljuk a t\u00e1j\u00e9koztat\u00f3k tematik\u00e1j\u00e1t.<\/p><\/div>\r\n        <\/div>\r\n    <\/div>\r\n        <\/div>\r\n            <div class=\"col-md-6 col-xs-12 inline-col feed-item\">\r\n            <div class=\"clearfix\">\r\n        <div class=\"img\">\r\n            <a  href=\"https:\/\/kemkik.positive.hu\/hirek\/a-tanacs-hatarozatot-fogadott-el-bulgaria-es-romania-tekinteteben-a-szarazfoldi-hatarokon-torteno-hatarellenorzes-megszunteteserol\" tabindex=\"-1\">\r\n                <img class=\"img-responsive img-center\" src=\"\/uploads\/feed_items\/small-flags-1920-17374644282772.jpg\" alt=\"A Tan\u00e1cs hat\u00e1rozatot fogadott el Bulg\u00e1ria \u00e9s Rom\u00e1nia tekintet\u00e9ben a sz\u00e1razf\u00f6ldi hat\u00e1rokon t\u00f6rt\u00e9n\u0151 hat\u00e1rellen\u0151rz\u00e9s megsz\u00fcntet\u00e9s\u00e9r\u0151l\">\r\n            <\/a>\r\n        <\/div>\r\n        <div class=\"info\">\r\n            <div class=\"title\"><a  href=\"https:\/\/kemkik.positive.hu\/hirek\/a-tanacs-hatarozatot-fogadott-el-bulgaria-es-romania-tekinteteben-a-szarazfoldi-hatarokon-torteno-hatarellenorzes-megszunteteserol\">A Tan\u00e1cs hat\u00e1rozatot fogadott el Bulg\u00e1ria \u00e9s Rom\u00e1nia tekintet\u00e9ben a sz\u00e1razf\u00f6ldi hat\u00e1rokon t\u00f6rt\u00e9n\u0151 hat\u00e1rellen\u0151rz\u00e9s megsz\u00fcntet\u00e9s\u00e9r\u0151l<\/a><\/div>\r\n                            <ul class=\"categories\">\r\n                                            <li><a style=\"background: #415d19; color: #ffffff\" href=\"https:\/\/kemkik.positive.hu\/hirek\/europe-direct-hirek\">Europe Direct h\u00edrek<\/a><\/li>\r\n                                        <li><span class=\"public-at\">2025. janu\u00e1r 03.<\/span><\/li>\r\n                <\/ul>\r\n                        <div class=\"desc\"><p>Az uni\u00f3s tag\u00e1llamok \u00fagy hat\u00e1roztak, hogy 2025. janu\u00e1r 1-j\u00e9t\u0151l megsz\u0171nik a szem\u00e9lyellen\u0151rz\u00e9s a Bulg\u00e1ri\u00e1val \u00e9s Rom\u00e1ni\u00e1val k\u00f6z\u00f6s \u00e9s a k\u00f6z\u00f6tt\u00fck l\u00e9v\u0151 bels\u0151 sz\u00e1razf\u00f6ldi hat\u00e1rokon.<\/p><\/div>\r\n        <\/div>\r\n    <\/div>\r\n        <\/div>\r\n            <div class=\"col-md-6 col-xs-12 inline-col feed-item\">\r\n            <div class=\"clearfix\">\r\n        <div class=\"img\">\r\n            <a  href=\"https:\/\/kemkik.positive.hu\/hirek\/ha-orvoshoz-kell-fordulnunkkorhazi-ellatasra-van-szuksegunk-kulfoldon\" tabindex=\"-1\">\r\n                <img class=\"img-responsive img-center\" src=\"\/uploads\/feed_items\/small-snow-1920-17374654819748.jpg\" alt=\"Ha orvoshoz kell fordulnunk\/k\u00f3rh\u00e1zi ell\u00e1t\u00e1sra van sz\u00fcks\u00e9g\u00fcnk k\u00fclf\u00f6ld\u00f6n\">\r\n            <\/a>\r\n        <\/div>\r\n        <div class=\"info\">\r\n            <div class=\"title\"><a  href=\"https:\/\/kemkik.positive.hu\/hirek\/ha-orvoshoz-kell-fordulnunkkorhazi-ellatasra-van-szuksegunk-kulfoldon\">Ha orvoshoz kell fordulnunk\/k\u00f3rh\u00e1zi ell\u00e1t\u00e1sra van sz\u00fcks\u00e9g\u00fcnk k\u00fclf\u00f6ld\u00f6n<\/a><\/div>\r\n                            <ul class=\"categories\">\r\n                                            <li><a style=\"background: #415d19; color: #ffffff\" href=\"https:\/\/kemkik.positive.hu\/hirek\/europe-direct-hirek\">Europe Direct h\u00edrek<\/a><\/li>\r\n                                        <li><span class=\"public-at\">2024. december 19.<\/span><\/li>\r\n                <\/ul>\r\n                        <div class=\"desc\"><p style=\"text-align:justify\">Ha \u00d6n k\u00fclf\u00f6ldi tart\u00f3zkod\u00e1sa sor\u00e1n orvosi vagy k\u00f3rh\u00e1zi ell\u00e1t\u00e1sra szorul valamelyik uni\u00f3s orsz\u00e1gban, sokat seg\u00edt, ha \u00d6nn\u00e9l van az eur\u00f3pai eg\u00e9szs\u00e9gbiztos\u00edt\u00e1si k\u00e1rty\u00e1ja, mely nagyban megk\u00f6nny\u00edti az \u00e1llami eg\u00e9szs\u00e9g\u00fcgyi ell\u00e1t\u00e1s ig\u00e9nybev\u00e9tel\u00e9vel kapcsolatos \u00fcgyint\u00e9z\u00e9st \u00e9s k\u00f6lts\u00e9gt\u00e9r\u00edt\u00e9st.<\/p><\/div>\r\n        <\/div>\r\n    <\/div>\r\n        <\/div>\r\n            <div class=\"col-md-6 col-xs-12 inline-col feed-item\">\r\n            <div class=\"clearfix\">\r\n        <div class=\"img\">\r\n            <a  href=\"https:\/\/kemkik.positive.hu\/hirek\/teljesse-valt-a-demjan-sandor-program-tamogatasi-palettaja-minden-programelem-egy-helyen\" tabindex=\"-1\">\r\n                <img class=\"img-responsive img-center\" src=\"\/uploads\/feed_items\/small-demjan-1fc65a45-nagyobbb-17345962184574.jpg\" alt=\"Teljess\u00e9 v\u00e1lt a Demj\u00e1n S\u00e1ndor Program t\u00e1mogat\u00e1si palett\u00e1ja - minden programelem egy helyen\">\r\n            <\/a>\r\n        <\/div>\r\n        <div class=\"info\">\r\n            <div class=\"title\"><a  href=\"https:\/\/kemkik.positive.hu\/hirek\/teljesse-valt-a-demjan-sandor-program-tamogatasi-palettaja-minden-programelem-egy-helyen\">Teljess\u00e9 v\u00e1lt a Demj\u00e1n S\u00e1ndor Program t\u00e1mogat\u00e1si palett\u00e1ja - minden programelem egy helyen<\/a><\/div>\r\n                            <ul class=\"categories\">\r\n                                            <li><a style=\"background: #535667; color: #ffffff\" href=\"https:\/\/kemkik.positive.hu\/hirek\/gazdasag\">Gazdas\u00e1g<\/a><\/li>\r\n                                        <li><span class=\"public-at\">2024. december 19.<\/span><\/li>\r\n                <\/ul>\r\n                        <div class=\"desc\"><p style=\"text-align:justify\">Az \u00daj Gazdas\u00e1gi Akci\u00f3terv r\u00e9szek\u00e9nt meghirdet\u00e9sre ker\u00fcltek a kkv-k fejleszt\u00e9s\u00e9t c\u00e9lz\u00f3 Demj\u00e1n S\u00e1ndor Program hitel-, t\u0151ke- \u00e9s vissza nem t\u00e9r\u00edtend\u0151 t\u00e1mogat\u00e1si term\u00e9kei. A program keret\u00e9ben a Korm\u00e1ny 2025-ben \u00f6sszesen 1410 milli\u00e1rd forint megmozgat\u00e1s\u00e1val seg\u00edti a hazai v\u00e1llalkoz\u00e1sok fejleszt\u00e9seit, el\u0151seg\u00edtve a versenyk\u00e9pess\u00e9g\u00fck n\u00f6vel\u00e9s\u00e9t \u00e9s m\u00e9retugr\u00e1sukat.<\/p><\/div>\r\n        <\/div>\r\n    <\/div>\r\n        <\/div>\r\n            <div class=\"col-md-6 col-xs-12 inline-col feed-item\">\r\n            <div class=\"clearfix\">\r\n        <div class=\"img\">\r\n            <a  href=\"https:\/\/kemkik.positive.hu\/hirek\/januartol-minden-kivitelezo-vallalkozasnak-kotelezo-a-felelossegbiztositas\" tabindex=\"-1\">\r\n                <img class=\"img-responsive img-center\" src=\"\/uploads\/feed_items\/small-housebuilding-1920-13-17345129042542.jpg\" alt=\"Janu\u00e1rt\u00f3l minden kivitelez\u0151 v\u00e1llalkoz\u00e1snak k\u00f6telez\u0151 a felel\u0151ss\u00e9gbiztos\u00edt\u00e1s\">\r\n            <\/a>\r\n        <\/div>\r\n        <div class=\"info\">\r\n            <div class=\"title\"><a  href=\"https:\/\/kemkik.positive.hu\/hirek\/januartol-minden-kivitelezo-vallalkozasnak-kotelezo-a-felelossegbiztositas\">Janu\u00e1rt\u00f3l minden kivitelez\u0151 v\u00e1llalkoz\u00e1snak k\u00f6telez\u0151 a felel\u0151ss\u00e9gbiztos\u00edt\u00e1s<\/a><\/div>\r\n                            <ul class=\"categories\">\r\n                                            <li><a style=\"background: #535667; color: #ffffff\" href=\"https:\/\/kemkik.positive.hu\/hirek\/gazdasag\">Gazdas\u00e1g<\/a><\/li>\r\n                                        <li><span class=\"public-at\">2024. december 18.<\/span><\/li>\r\n                <\/ul>\r\n                        <div class=\"desc\"><p style=\"margin-left:0cm; margin-right:0cm; text-align:justify\">Janu\u00e1r 15-t\u0151l minden \u00e9p\u00edt\u0151ipari tervez\u0151- \u00e9s kivitelez\u0151 v\u00e1llalkoz\u00f3nak k\u00f6telez\u0151 felel\u0151ss\u00e9gbiztos\u00edt\u00e1ssal kell rendelkeznie. A ter\u00fcleti kereskedelmi \u00e9s iparkamar\u00e1k \u00e9vente k\u00f6telez\u0151en ellen\u0151rzik a kivitelez\u0151kre vonatkoz\u00f3 biztos\u00edt\u00e1s megl\u00e9t\u00e9t - ismertette a kamara \u00f6nk\u00e9ntes tagjak\u00e9nt Szab\u00f3 I. G\u00e1bor, a GranBr\u00f3ker Kft. \u00fcgyvezet\u0151je.<\/p>\r\n\r\n<p style=\"margin-left:0cm; margin-right:0cm\">&nbsp;<\/p><\/div>\r\n        <\/div>\r\n    <\/div>\r\n        <\/div>\r\n            <div class=\"col-md-6 col-xs-12 inline-col feed-item\">\r\n            <div class=\"clearfix\">\r\n        <div class=\"img\">\r\n            <a  href=\"https:\/\/kemkik.positive.hu\/hirek\/ajanlja-magat-granbroker-fuggetlen-biztositaskozvetito-kft\" tabindex=\"-1\">\r\n                <img class=\"img-responsive img-center\" src=\"\/uploads\/feed_items\/small-granbroker-1-nagyobb-17345101053694.jpg\" alt=\"Aj\u00e1nlja mag\u00e1t: GranBr\u00f3ker F\u00fcggetlen Biztos\u00edt\u00e1sk\u00f6zvet\u00edt\u0151 Kft.\">\r\n            <\/a>\r\n        <\/div>\r\n        <div class=\"info\">\r\n            <div class=\"title\"><a  href=\"https:\/\/kemkik.positive.hu\/hirek\/ajanlja-magat-granbroker-fuggetlen-biztositaskozvetito-kft\">Aj\u00e1nlja mag\u00e1t: GranBr\u00f3ker F\u00fcggetlen Biztos\u00edt\u00e1sk\u00f6zvet\u00edt\u0151 Kft.<\/a><\/div>\r\n                            <ul class=\"categories\">\r\n                                            <li><a style=\"background: #8dc63f; color: #ffffff\" href=\"https:\/\/kemkik.positive.hu\/hirek\/ajanlja-magat\">Aj\u00e1nlja mag\u00e1t - \u00fczleti partnerkeres\u00e9s<\/a><\/li>\r\n                                        <li><span class=\"public-at\">2024. december 18.<\/span><\/li>\r\n                <\/ul>\r\n                        <div class=\"desc\"><p style=\"text-align:justify\">Szab\u00f3 I. G\u00e1bor \u00fcgyvezet\u0151 \u00e9s tulajdonos mintegy 25 \u00e9ves szakmai tapasztalattal rendelkezik. \u0150 \u00e9s tapasztalt tan\u00e1csad\u00f3 koll\u00e9g\u00e1i a biztos\u00edt\u00e1si piac minden ter\u00fclet\u00e9n magas sz\u00ednvonalon seg\u00edtik a hozz\u00e1juk fordul\u00f3 c\u00e9gek \u00e9s mag\u00e1nszem\u00e9lyek biztos\u00edt\u00e1ssal kapcsolatos ig\u00e9nyeinek kiel\u00e9g\u00edt\u00e9s\u00e9t. Ebbe beletartoznak a K\u00f6telez\u0151 G\u00e9pj\u00e1rm\u0171 Felel\u0151ss\u00e9g-Biztos\u00edt\u00e1st\u00f3l, a Cascon, az Utaz\u00e1si- \u00e9s a Lak\u00e1sbiztos\u00edt\u00e1sokon \u00e1t eg\u00e9szen a komplex Kis-, K\u00f6z\u00e9p- \u00e9s Nagyv\u00e1llalati Vagyon, \u00c1ltal\u00e1nos- \u00e9s Szakmai Felel\u0151ss\u00e9gbiztos\u00edt\u00e1sok is.<\/p><\/div>\r\n        <\/div>\r\n    <\/div>\r\n        <\/div>\r\n    <\/div>\r\n\r\n<ul class=\"pagination text-center\">\r\n                    <li class=\"left\"><a aria-label=\"El\u0151z\u0151\" href=\"https:\/\/kemkik.positive.hu\/api\/feeds\/page?page=28\" rel=\"nofollow\"><i aria-hidden=\"true\" class=\"icon icon-arrow-flat-left\"><\/i><\/a><\/li>\r\n        \r\n                    \r\n                                                                        <li><a href=\"https:\/\/kemkik.positive.hu\/api\/feeds\/page?page=1\" rel=\"nofollow\" aria-label=\"1. oldal bet\u00f6lt\u00e9se\">01<\/a><\/li>\r\n                                                                                <li><a href=\"https:\/\/kemkik.positive.hu\/api\/feeds\/page?page=2\" rel=\"nofollow\" aria-label=\"2. oldal bet\u00f6lt\u00e9se\">02<\/a><\/li>\r\n                                                                                    <li class=\"disabled\"><span>...<\/span><\/li>\r\n            \r\n                                \r\n                                                                        <li><a href=\"https:\/\/kemkik.positive.hu\/api\/feeds\/page?page=26\" rel=\"nofollow\" aria-label=\"26. oldal bet\u00f6lt\u00e9se\">26<\/a><\/li>\r\n                                                                                <li><a href=\"https:\/\/kemkik.positive.hu\/api\/feeds\/page?page=27\" rel=\"nofollow\" aria-label=\"27. oldal bet\u00f6lt\u00e9se\">27<\/a><\/li>\r\n                                                                                <li><a href=\"https:\/\/kemkik.positive.hu\/api\/feeds\/page?page=28\" rel=\"nofollow\" aria-label=\"28. oldal bet\u00f6lt\u00e9se\">28<\/a><\/li>\r\n                                                                                <li class=\"active\" aria-label=\"29. oldal bet\u00f6lt\u00e9se\"><span>29<\/span><\/li>\r\n                                                                                <li><a href=\"https:\/\/kemkik.positive.hu\/api\/feeds\/page?page=30\" rel=\"nofollow\" aria-label=\"30. oldal bet\u00f6lt\u00e9se\">30<\/a><\/li>\r\n                                                                                <li><a href=\"https:\/\/kemkik.positive.hu\/api\/feeds\/page?page=31\" rel=\"nofollow\" aria-label=\"31. oldal bet\u00f6lt\u00e9se\">31<\/a><\/li>\r\n                                                                                <li><a href=\"https:\/\/kemkik.positive.hu\/api\/feeds\/page?page=32\" rel=\"nofollow\" aria-label=\"32. oldal bet\u00f6lt\u00e9se\">32<\/a><\/li>\r\n                                                                                    <li class=\"disabled\"><span>...<\/span><\/li>\r\n            \r\n                                \r\n                                                                        <li><a href=\"https:\/\/kemkik.positive.hu\/api\/feeds\/page?page=94\" rel=\"nofollow\" aria-label=\"94. oldal bet\u00f6lt\u00e9se\">94<\/a><\/li>\r\n                                                                                <li><a href=\"https:\/\/kemkik.positive.hu\/api\/feeds\/page?page=95\" rel=\"nofollow\" aria-label=\"95. oldal bet\u00f6lt\u00e9se\">95<\/a><\/li>\r\n                                                        \r\n                    <li class=\"right\"><a aria-label=\"K\u00f6vetkez\u0151\" href=\"https:\/\/kemkik.positive.hu\/api\/feeds\/page?page=30\" rel=\"nofollow\"><i aria-hidden=\"true\" class=\"icon icon-arrow-flat-right\"><\/i><\/a><\/li>\r\n            <\/ul>\r\n\r\n","page":"29"}