{"content":"<div class=\"row inline-row\">\r\n                <div class=\"col-md-6 col-xs-12 inline-col feed-item\">\r\n            <div class=\"clearfix\">\r\n        <div class=\"img\">\r\n            <a  href=\"https:\/\/kemkik.positive.hu\/hirek\/soft-skill-kepzesek-az-edutus-egyetemen\" tabindex=\"-1\">\r\n                <img class=\"img-responsive img-center\" src=\"\/uploads\/feed_items\/small-edutus-1-17745366590331.png\" alt=\"Soft skill k\u00e9pz\u00e9sek az Edutus Egyetemen\">\r\n            <\/a>\r\n        <\/div>\r\n        <div class=\"info\">\r\n            <div class=\"title\"><a  href=\"https:\/\/kemkik.positive.hu\/hirek\/soft-skill-kepzesek-az-edutus-egyetemen\">Soft skill k\u00e9pz\u00e9sek az Edutus Egyetemen<\/a><\/div>\r\n                            <ul class=\"categories\">\r\n                                            <li><a style=\"background: #117391; color: #ffffff\" href=\"https:\/\/kemkik.positive.hu\/hirek\/innovacios-hirek\">Innov\u00e1ci\u00f3s h\u00edrek<\/a><\/li>\r\n                                        <li><span class=\"public-at\">2026. m\u00e1rcius 26.<\/span><\/li>\r\n                <\/ul>\r\n                        <div class=\"desc\"><p style=\"text-align:justify\">Ez\u00faton aj\u00e1nljuk figyelm\u00fckbe&nbsp;az Edutus Egyetem Soft skill k\u00e9pz\u00e9seit, melyek k\u00f6z\u00fcl a V\u00e1llalati (munkahelyi) mentork\u00e9pz\u00e9s, a Tudatos \u00e9s motiv\u00e1l\u00f3 vezet\u0151, \u00e9s a Munka-mag\u00e1n\u00e9let-id\u0151menedzsment k\u00e9pz\u00e9seiket&nbsp;ny\u00edlt k\u00e9pz\u00e9sk\u00e9nt is meghirdett\u00e9k.<\/p><\/div>\r\n        <\/div>\r\n    <\/div>\r\n        <\/div>\r\n            <div class=\"col-md-6 col-xs-12 inline-col feed-item\">\r\n            <div class=\"clearfix\">\r\n        <div class=\"img\">\r\n            <a  href=\"https:\/\/kemkik.positive.hu\/hirek\/nemzetkozi-gazdasagi-hirlevel-2026-marcius\" tabindex=\"-1\">\r\n                <img class=\"img-responsive img-center\" src=\"\/uploads\/feed_items\/small-tungart7-airplane-1920-17745130760529.jpg\" alt=\"Nemzetk\u00f6zi Gazdas\u00e1gi H\u00edrlev\u00e9l 2026. m\u00e1rcius\">\r\n            <\/a>\r\n        <\/div>\r\n        <div class=\"info\">\r\n            <div class=\"title\"><a  href=\"https:\/\/kemkik.positive.hu\/hirek\/nemzetkozi-gazdasagi-hirlevel-2026-marcius\">Nemzetk\u00f6zi Gazdas\u00e1gi H\u00edrlev\u00e9l 2026. m\u00e1rcius<\/a><\/div>\r\n                            <ul class=\"categories\">\r\n                                            <li><a style=\"background: #5123b3; color: #ffffff\" href=\"https:\/\/kemkik.positive.hu\/hirek\/kulgazdasagi-hirek\">K\u00fclgazdas\u00e1gi h\u00edrek<\/a><\/li>\r\n                                        <li><span class=\"public-at\">2026. m\u00e1rcius 26.<\/span><\/li>\r\n                <\/ul>\r\n                        <div class=\"desc\"><p style=\"text-align:justify\">H\u00edr\u00f6sszefoglal\u00f3 Magyarorsz\u00e1g fontos k\u00fclkereskedelmi partnereinek aktu\u00e1lis gazdas\u00e1gi helyzet\u00e9r\u0151l. H\u00edrfigyel\u00e9s az eur\u00f3pai uni\u00f3s szakpolitikai aktualit\u00e1sokr\u00f3l \u00e9s az uni\u00f3s gazdas\u00e1gi, \u00fczleti vonatkoz\u00e1s\u00fa h\u00edrekr\u0151l<\/p><\/div>\r\n        <\/div>\r\n    <\/div>\r\n        <\/div>\r\n            <div class=\"col-md-6 col-xs-12 inline-col feed-item\">\r\n            <div class=\"clearfix\">\r\n        <div class=\"img\">\r\n            <a  href=\"https:\/\/kemkik.positive.hu\/hirek\/2027-tol-egyablakos-ugyintezessel-tamogatja-a-vallalkozokat-a-kamara\" tabindex=\"-1\">\r\n                <img class=\"img-responsive img-center\" src=\"\/uploads\/feed_items\/small-mkik-1-1773910543423.png\" alt=\"2027-t\u0151l egyablakos \u00fcgyint\u00e9z\u00e9ssel t\u00e1mogatja a v\u00e1llalkoz\u00f3kat a Kamara\">\r\n            <\/a>\r\n        <\/div>\r\n        <div class=\"info\">\r\n            <div class=\"title\"><a  href=\"https:\/\/kemkik.positive.hu\/hirek\/2027-tol-egyablakos-ugyintezessel-tamogatja-a-vallalkozokat-a-kamara\">2027-t\u0151l egyablakos \u00fcgyint\u00e9z\u00e9ssel t\u00e1mogatja a v\u00e1llalkoz\u00f3kat a Kamara<\/a><\/div>\r\n                            <ul class=\"categories\">\r\n                                            <li><a style=\"background: #305f31; color: #ffffff\" href=\"https:\/\/kemkik.positive.hu\/hirek\/kemkik-hirek\">KEMKIK h\u00edrek<\/a><\/li>\r\n                                        <li><span class=\"public-at\">2026. m\u00e1rcius 19.<\/span><\/li>\r\n                <\/ul>\r\n                        <div class=\"desc\"><p style=\"text-align:justify\">A Magyar Kereskedelmi \u00e9s Iparkamara (MKIK) feladatai az Orsz\u00e1ggy\u0171l\u00e9s d\u00f6nt\u00e9se alapj\u00e1n 2027. janu\u00e1r 1-t\u0151l t\u00f6bb kulcsfontoss\u00e1g\u00fa ter\u00fcleten b\u0151v\u00fclnek, jelent\u0151sen cs\u00f6kkentve ezzel a v\u00e1llalkoz\u00e1sok adminisztr\u00e1ci\u00f3s terheit. A Kamara \u00edgy m\u00e9g szorosabb partnere lesz a v\u00e1llalkoz\u00f3knak, akik egyre t\u00f6bb mindenben sz\u00e1m\u00edthatnak a szervezetre.<\/p><\/div>\r\n        <\/div>\r\n    <\/div>\r\n        <\/div>\r\n            <div class=\"col-md-6 col-xs-12 inline-col feed-item\">\r\n            <div class=\"clearfix\">\r\n        <div class=\"img\">\r\n            <a  href=\"https:\/\/kemkik.positive.hu\/hirek\/az-utobbi-husz-ev-legkedvezobb-digitalizacios-palyazata-vallalkozasoknak\" tabindex=\"-1\">\r\n                <img class=\"img-responsive img-center\" src=\"\/uploads\/feed_items\/small-startupstockphotos-startup-1920-17736649593848.jpg\" alt=\"Az ut\u00f3bbi h\u00fasz \u00e9v legkedvez\u0151bb digitaliz\u00e1ci\u00f3s p\u00e1ly\u00e1zata v\u00e1llalkoz\u00e1soknak\">\r\n            <\/a>\r\n        <\/div>\r\n        <div class=\"info\">\r\n            <div class=\"title\"><a  href=\"https:\/\/kemkik.positive.hu\/hirek\/az-utobbi-husz-ev-legkedvezobb-digitalizacios-palyazata-vallalkozasoknak\">Az ut\u00f3bbi h\u00fasz \u00e9v legkedvez\u0151bb digitaliz\u00e1ci\u00f3s p\u00e1ly\u00e1zata v\u00e1llalkoz\u00e1soknak<\/a><\/div>\r\n                            <ul class=\"categories\">\r\n                                            <li><a style=\"background: #8b3b0d; color: #ffffff\" href=\"https:\/\/kemkik.positive.hu\/hirek\/palyazatok\">P\u00e1ly\u00e1zatok<\/a><\/li>\r\n                                        <li><span class=\"public-at\">2026. m\u00e1rcius 16.<\/span><\/li>\r\n                <\/ul>\r\n                        <div class=\"desc\"><p style=\"text-align:justify\">Harmincmilli\u00e1rd forintos keretb\u0151l, 3-12 milli\u00f3 forint vissza nem t\u00e9r\u00edtend\u0151 t\u00e1mogat\u00e1st kaphatnak, 90 sz\u00e1zal\u00e9kos t\u00e1mogat\u00e1si intenzit\u00e1s mellett mikro- \u00e9s kisv\u00e1llalkoz\u00e1soknak hardverre, szoftverre, webfejleszt\u00e9sre \u00e9s e-kereskedelemre. A DIMOP Plusz program kib\u0151v\u00edtett m\u00e1sodik k\u00f6r\u00e9ben az eg\u00e9sz orsz\u00e1g p\u00e1ly\u00e1zhat, a k\u00e9s\u0151bbiekben Budapest is bekapcsol\u00f3dik.&nbsp;<\/p><\/div>\r\n        <\/div>\r\n    <\/div>\r\n        <\/div>\r\n            <div class=\"col-md-6 col-xs-12 inline-col feed-item\">\r\n            <div class=\"clearfix\">\r\n        <div class=\"img\">\r\n            <a  href=\"https:\/\/kemkik.positive.hu\/hirek\/tuzson-bence-elindult-a-mestersegesintelligencia-alapu-jogi-informaciokereso\" tabindex=\"-1\">\r\n                <img class=\"img-responsive img-center\" src=\"\/uploads\/feed_items\/small-jogi-17736622134162.png\" alt=\"Tuzson Bence: elindult a mesters\u00e9gesintelligencia-alap\u00fa jogi inform\u00e1ci\u00f3keres\u0151\">\r\n            <\/a>\r\n        <\/div>\r\n        <div class=\"info\">\r\n            <div class=\"title\"><a  href=\"https:\/\/kemkik.positive.hu\/hirek\/tuzson-bence-elindult-a-mestersegesintelligencia-alapu-jogi-informaciokereso\">Tuzson Bence: elindult a mesters\u00e9gesintelligencia-alap\u00fa jogi inform\u00e1ci\u00f3keres\u0151<\/a><\/div>\r\n                            <ul class=\"categories\">\r\n                                            <li><a style=\"background: #535667; color: #ffffff\" href=\"https:\/\/kemkik.positive.hu\/hirek\/gazdasag\">Gazdas\u00e1g<\/a><\/li>\r\n                                        <li><span class=\"public-at\">2026. m\u00e1rcius 16.<\/span><\/li>\r\n                <\/ul>\r\n                        <div class=\"desc\"><p style=\"text-align:justify\">Az Igazs\u00e1g\u00fcgyi Miniszt\u00e9rium elind\u00edtotta a mesters\u00e9gesintelligencia-alap\u00fa jogi inform\u00e1ci\u00f3keres\u0151t, a jog.gov.hu-t - jelentette be az igazs\u00e1g\u00fcgyi miniszter h\u00e9tf\u0151n sajt\u00f3t\u00e1j\u00e9koztat\u00f3n, Budapesten.<\/p>\r\n\r\n<p>&nbsp;<\/p><\/div>\r\n        <\/div>\r\n    <\/div>\r\n        <\/div>\r\n            <div class=\"col-md-6 col-xs-12 inline-col feed-item\">\r\n            <div class=\"clearfix\">\r\n        <div class=\"img\">\r\n            <a  href=\"https:\/\/kemkik.positive.hu\/hirek\/a-vartnal-nagyobb-erdeklodes-miatt-bovul-a-demjan-sandor-tokeprogram-kerete\" tabindex=\"-1\">\r\n                <img class=\"img-responsive img-center\" src=\"\/uploads\/feed_items\/small-tungart7-pen-1920-1773309762954.jpg\" alt=\"A v\u00e1rtn\u00e1l nagyobb \u00e9rdekl\u0151d\u00e9s miatt b\u0151v\u00fcl a Demj\u00e1n S\u00e1ndor T\u0151keprogram kerete\">\r\n            <\/a>\r\n        <\/div>\r\n        <div class=\"info\">\r\n            <div class=\"title\"><a  href=\"https:\/\/kemkik.positive.hu\/hirek\/a-vartnal-nagyobb-erdeklodes-miatt-bovul-a-demjan-sandor-tokeprogram-kerete\">A v\u00e1rtn\u00e1l nagyobb \u00e9rdekl\u0151d\u00e9s miatt b\u0151v\u00fcl a Demj\u00e1n S\u00e1ndor T\u0151keprogram kerete<\/a><\/div>\r\n                            <ul class=\"categories\">\r\n                                            <li><a style=\"background: #535667; color: #ffffff\" href=\"https:\/\/kemkik.positive.hu\/hirek\/gazdasag\">Gazdas\u00e1g<\/a><\/li>\r\n                                        <li><span class=\"public-at\">2026. m\u00e1rcius 12.<\/span><\/li>\r\n                <\/ul>\r\n                        <div class=\"desc\"><p style=\"text-align:justify\">A hazai kis- \u00e9s k\u00f6z\u00e9pv\u00e1llalkoz\u00e1sok beruh\u00e1z\u00e1sait finansz\u00edroz\u00f3 Demj\u00e1n S\u00e1ndor T\u0151keprogram keret\u00f6sszege 100 milli\u00e1rd forintr\u00f3l 150 milli\u00e1rd forintra emelkedik \u2013 hangzott el a Magyar Kereskedelmi \u00e9s Iparkamara Gazdas\u00e1gi \u00c9vnyit\u00f3 rendezv\u00e9ny\u00e9n.<\/p><\/div>\r\n        <\/div>\r\n    <\/div>\r\n        <\/div>\r\n            <div class=\"col-md-6 col-xs-12 inline-col feed-item\">\r\n            <div class=\"clearfix\">\r\n        <div class=\"img\">\r\n            <a  href=\"https:\/\/kemkik.positive.hu\/hirek\/haromszaznal-tobb-varmegyei-indulo-a-szakma-sztar-fesztival-elodontoin\" tabindex=\"-1\">\r\n                <img class=\"img-responsive img-center\" src=\"\/uploads\/feed_items\/small-img-2728-17732324579901.JPG\" alt=\"H\u00e1romsz\u00e1zn\u00e1l t\u00f6bb v\u00e1rmegyei indul\u00f3 a Szakma Szt\u00e1r Fesztiv\u00e1l el\u0151d\u00f6nt\u0151in\">\r\n            <\/a>\r\n        <\/div>\r\n        <div class=\"info\">\r\n            <div class=\"title\"><a  href=\"https:\/\/kemkik.positive.hu\/hirek\/haromszaznal-tobb-varmegyei-indulo-a-szakma-sztar-fesztival-elodontoin\">H\u00e1romsz\u00e1zn\u00e1l t\u00f6bb v\u00e1rmegyei indul\u00f3 a Szakma Szt\u00e1r Fesztiv\u00e1l el\u0151d\u00f6nt\u0151in<\/a><\/div>\r\n                            <ul class=\"categories\">\r\n                                            <li><a style=\"background: #9b0c8d; color: #ffffff\" href=\"https:\/\/kemkik.positive.hu\/hirek\/szakkepzesi-hirek\">Szakk\u00e9pz\u00e9si h\u00edrek<\/a><\/li>\r\n                                        <li><span class=\"public-at\">2026. m\u00e1rcius 11.<\/span><\/li>\r\n                <\/ul>\r\n                        <div class=\"desc\"><p style=\"margin-left:0cm; margin-right:0cm; text-align:justify\">A rangos megm\u00e9rettet\u00e9s - a Szakma Kiv\u00e1l\u00f3 Tanul\u00f3ja Verseny \u00e9s az Orsz\u00e1gos Szakmai Tanulm\u00e1nyi Verseny - minden \u00e9vben a szakk\u00e9pz\u00e9s legjobbjait \u00e1ll\u00edtja reflektorf\u00e9nybe. A nevez\u00e9s felt\u00e9tele sem volt alacsony: legal\u00e1bb 4-es szakmai \u00e1tlag az el\u0151z\u0151 tan\u00e9v v\u00e9g\u00e9n - ismertette a Kom\u00e1rom-Esztergom v\u00e1rmegyei kereskedelmi \u00e9s Iparkamara eln\u00f6ke.<\/p><\/div>\r\n        <\/div>\r\n    <\/div>\r\n        <\/div>\r\n            <div class=\"col-md-6 col-xs-12 inline-col feed-item\">\r\n            <div class=\"clearfix\">\r\n        <div class=\"img\">\r\n            <a  href=\"https:\/\/kemkik.positive.hu\/hirek\/megjelent-a-90-os-tamogatasi-intenzitasu-digitalizacios-palyazat-a-dimop-plusz-126b-26\" tabindex=\"-1\">\r\n                <img class=\"img-responsive img-center\" src=\"\/uploads\/feed_items\/small-644547250412353672-n-17726295556257.jpg\" alt=\"Megjelent a 90%-os t\u00e1mogat\u00e1si intenzit\u00e1s\u00fa digitaliz\u00e1ci\u00f3s p\u00e1ly\u00e1zat, a DIMOP Plusz-1.2.6\/B-26\">\r\n            <\/a>\r\n        <\/div>\r\n        <div class=\"info\">\r\n            <div class=\"title\"><a  href=\"https:\/\/kemkik.positive.hu\/hirek\/megjelent-a-90-os-tamogatasi-intenzitasu-digitalizacios-palyazat-a-dimop-plusz-126b-26\">Megjelent a 90%-os t\u00e1mogat\u00e1si intenzit\u00e1s\u00fa digitaliz\u00e1ci\u00f3s p\u00e1ly\u00e1zat, a DIMOP Plusz-1.2.6\/B-26<\/a><\/div>\r\n                            <ul class=\"categories\">\r\n                                            <li><a style=\"background: #8b3b0d; color: #ffffff\" href=\"https:\/\/kemkik.positive.hu\/hirek\/palyazatok\">P\u00e1ly\u00e1zatok<\/a><\/li>\r\n                                        <li><span class=\"public-at\">2026. m\u00e1rcius 04.<\/span><\/li>\r\n                <\/ul>\r\n                        <div class=\"desc\"><p style=\"text-align:justify\">P\u00e1ly\u00e1zati felh\u00edv\u00e1s&nbsp;mikro-, \u00e9s kisv\u00e1llalkoz\u00e1sok sz\u00e1m\u00e1ra, digit\u00e1lis technol\u00f3gi\u00e1k, szolg\u00e1ltat\u00e1sok bevezet\u00e9s\u00e9hez \u00e9s m\u0171k\u00f6dtet\u00e9s\u00e9hez sz\u00fcks\u00e9ges szoftverek, szolg\u00e1ltat\u00e1sok, informatikai,&nbsp;h\u00e1l\u00f3zati \u00e9s telekommunik\u00e1ci\u00f3s eszk\u00f6z\u00f6k beszerz\u00e9s\u00e9nek t\u00e1mogat\u00e1s\u00e1ra.<\/p><\/div>\r\n        <\/div>\r\n    <\/div>\r\n        <\/div>\r\n    <\/div>\r\n\r\n<ul class=\"pagination text-center\">\r\n                    <li class=\"left\"><a aria-label=\"El\u0151z\u0151\" href=\"https:\/\/kemkik.positive.hu\/api\/feeds\/page?page=2\" rel=\"nofollow\"><i aria-hidden=\"true\" class=\"icon icon-arrow-flat-left\"><\/i><\/a><\/li>\r\n        \r\n                    \r\n                                                                        <li><a href=\"https:\/\/kemkik.positive.hu\/api\/feeds\/page?page=1\" rel=\"nofollow\" aria-label=\"1. oldal bet\u00f6lt\u00e9se\">01<\/a><\/li>\r\n                                                                                <li><a href=\"https:\/\/kemkik.positive.hu\/api\/feeds\/page?page=2\" rel=\"nofollow\" aria-label=\"2. oldal bet\u00f6lt\u00e9se\">02<\/a><\/li>\r\n                                                                                <li class=\"active\" aria-label=\"3. oldal bet\u00f6lt\u00e9se\"><span>03<\/span><\/li>\r\n                                                                                <li><a href=\"https:\/\/kemkik.positive.hu\/api\/feeds\/page?page=4\" rel=\"nofollow\" aria-label=\"4. oldal bet\u00f6lt\u00e9se\">04<\/a><\/li>\r\n                                                                                <li><a href=\"https:\/\/kemkik.positive.hu\/api\/feeds\/page?page=5\" rel=\"nofollow\" aria-label=\"5. oldal bet\u00f6lt\u00e9se\">05<\/a><\/li>\r\n                                                                                <li><a href=\"https:\/\/kemkik.positive.hu\/api\/feeds\/page?page=6\" rel=\"nofollow\" aria-label=\"6. oldal bet\u00f6lt\u00e9se\">06<\/a><\/li>\r\n                                                                                <li><a href=\"https:\/\/kemkik.positive.hu\/api\/feeds\/page?page=7\" rel=\"nofollow\" aria-label=\"7. oldal bet\u00f6lt\u00e9se\">07<\/a><\/li>\r\n                                                                                <li><a href=\"https:\/\/kemkik.positive.hu\/api\/feeds\/page?page=8\" rel=\"nofollow\" aria-label=\"8. oldal bet\u00f6lt\u00e9se\">08<\/a><\/li>\r\n                                                                                    <li class=\"disabled\"><span>...<\/span><\/li>\r\n            \r\n                                \r\n                                                                        <li><a href=\"https:\/\/kemkik.positive.hu\/api\/feeds\/page?page=94\" rel=\"nofollow\" aria-label=\"94. oldal bet\u00f6lt\u00e9se\">94<\/a><\/li>\r\n                                                                                <li><a href=\"https:\/\/kemkik.positive.hu\/api\/feeds\/page?page=95\" rel=\"nofollow\" aria-label=\"95. oldal bet\u00f6lt\u00e9se\">95<\/a><\/li>\r\n                                                        \r\n                    <li class=\"right\"><a aria-label=\"K\u00f6vetkez\u0151\" href=\"https:\/\/kemkik.positive.hu\/api\/feeds\/page?page=4\" rel=\"nofollow\"><i aria-hidden=\"true\" class=\"icon icon-arrow-flat-right\"><\/i><\/a><\/li>\r\n            <\/ul>\r\n\r\n","page":"3"}