{"content":"<div class=\"row inline-row\">\r\n                <div class=\"col-md-6 col-xs-12 inline-col feed-item\">\r\n            <div class=\"clearfix\">\r\n        <div class=\"img\">\r\n            <a  href=\"https:\/\/kemkik.positive.hu\/hirek\/2025-januar-1-jei-teaor-valtas-es-az-ezzel-jaro-ugyfeli-kotelezettsegek\" tabindex=\"-1\">\r\n                <img class=\"img-responsive img-center\" src=\"\/uploads\/feed_items\/small-231d0fbb-1f57-4aa3-8466-17345159894127.jpeg\" alt=\"2025. janu\u00e1r 1-jei TE\u00c1OR-v\u00e1lt\u00e1s \u00e9s az ezzel j\u00e1r\u00f3 \u00fcgyf\u00e9li k\u00f6telezetts\u00e9gek\">\r\n            <\/a>\r\n        <\/div>\r\n        <div class=\"info\">\r\n            <div class=\"title\"><a  href=\"https:\/\/kemkik.positive.hu\/hirek\/2025-januar-1-jei-teaor-valtas-es-az-ezzel-jaro-ugyfeli-kotelezettsegek\">2025. janu\u00e1r 1-jei TE\u00c1OR-v\u00e1lt\u00e1s \u00e9s az ezzel j\u00e1r\u00f3 \u00fcgyf\u00e9li k\u00f6telezetts\u00e9gek<\/a><\/div>\r\n                            <ul class=\"categories\">\r\n                                            <li><a style=\"background: #00555b; color: #ffffff\" href=\"https:\/\/kemkik.positive.hu\/hirek\/nav-hirek\">NAV h\u00edrek<\/a><\/li>\r\n                                        <li><span class=\"public-at\">2024. december 18.<\/span><\/li>\r\n                <\/ul>\r\n                        <div class=\"desc\"><p style=\"text-align:justify\">A gazdas\u00e1gi tev\u00e9kenys\u00e9gek egys\u00e9ges \u00e1gazati oszt\u00e1lyoz\u00e1si rendszere (TE\u00c1OR) 2025. janu\u00e1r 1-j\u00e9vel megv\u00e1ltozik. A 2008 \u00f3ta hat\u00e1lyos TE\u00c1OR\u201908-at a TE\u00c1OR\u201925 v\u00e1ltja fel.<\/p><\/div>\r\n        <\/div>\r\n    <\/div>\r\n        <\/div>\r\n            <div class=\"col-md-6 col-xs-12 inline-col feed-item\">\r\n            <div class=\"clearfix\">\r\n        <div class=\"img\">\r\n            <a  href=\"https:\/\/kemkik.positive.hu\/hirek\/jovo-februarban-indul-a-minden-vallalkozasnak-legyen-sajat-honlapja-elnevezesu-9-milliard-forint-keretosszeggel-rendelkezo-program\" tabindex=\"-1\">\r\n                <img class=\"img-responsive img-center\" src=\"\/uploads\/feed_items\/small-sitemap-1920-17344215387715.jpg\" alt=\"J\u00f6v\u0151 febru\u00e1rban indul a Minden v\u00e1llalkoz\u00e1snak legyen saj\u00e1t honlapja elnevez\u00e9s\u0171, 9 milli\u00e1rd forint keret\u00f6sszeggel rendelkez\u0151 program\">\r\n            <\/a>\r\n        <\/div>\r\n        <div class=\"info\">\r\n            <div class=\"title\"><a  href=\"https:\/\/kemkik.positive.hu\/hirek\/jovo-februarban-indul-a-minden-vallalkozasnak-legyen-sajat-honlapja-elnevezesu-9-milliard-forint-keretosszeggel-rendelkezo-program\">J\u00f6v\u0151 febru\u00e1rban indul a Minden v\u00e1llalkoz\u00e1snak legyen saj\u00e1t honlapja elnevez\u00e9s\u0171, 9 milli\u00e1rd forint keret\u00f6sszeggel rendelkez\u0151 program<\/a><\/div>\r\n                            <ul class=\"categories\">\r\n                                            <li><a style=\"background: #8b3b0d; color: #ffffff\" href=\"https:\/\/kemkik.positive.hu\/hirek\/palyazatok\">P\u00e1ly\u00e1zatok<\/a><\/li>\r\n                                        <li><span class=\"public-at\">2024. december 17.<\/span><\/li>\r\n                <\/ul>\r\n                        <div class=\"desc\"><p style=\"text-align:justify\">A program c\u00e9lja, hogy a v\u00e1llalkoz\u00e1sok rendelkezzenek digit\u00e1lis megjelen\u00e9ssel \u00e9s ezen kereszt\u00fcl nyissanak \u00faj \u00e9rt\u00e9kes\u00edt\u00e9si csatorn\u00e1kat, illetve jussanak el \u00faj vev\u0151kh\u00f6z - mondta a Nemzetgazdas\u00e1gi Miniszt\u00e9rium (NGM) kis- \u00e9s k\u00f6z\u00e9pv\u00e1llalkoz\u00e1sok fejleszt\u00e9s\u00e9\u00e9rt \u00e9s technol\u00f3gi\u00e1\u00e9rt felel\u0151s \u00e1llamtitk\u00e1ra kedden Budapesten sajt\u00f3t\u00e1j\u00e9koztat\u00f3n.<\/p><\/div>\r\n        <\/div>\r\n    <\/div>\r\n        <\/div>\r\n            <div class=\"col-md-6 col-xs-12 inline-col feed-item\">\r\n            <div class=\"clearfix\">\r\n        <div class=\"img\">\r\n            <a  href=\"https:\/\/kemkik.positive.hu\/hirek\/megjelent-a-minimalber-rendelet-a-2025-os-ertekekrol\" tabindex=\"-1\">\r\n                <img class=\"img-responsive img-center\" src=\"\/uploads\/feed_items\/small-money-1280-1734517052288.jpg\" alt=\"Megjelent a minim\u00e1lb\u00e9r rendelet a 2025-\u00f6s \u00e9rt\u00e9kekr\u0151l\">\r\n            <\/a>\r\n        <\/div>\r\n        <div class=\"info\">\r\n            <div class=\"title\"><a  href=\"https:\/\/kemkik.positive.hu\/hirek\/megjelent-a-minimalber-rendelet-a-2025-os-ertekekrol\">Megjelent a minim\u00e1lb\u00e9r rendelet a 2025-\u00f6s \u00e9rt\u00e9kekr\u0151l<\/a><\/div>\r\n                            <ul class=\"categories\">\r\n                                            <li><a style=\"background: #535667; color: #ffffff\" href=\"https:\/\/kemkik.positive.hu\/hirek\/gazdasag\">Gazdas\u00e1g<\/a><\/li>\r\n                                        <li><span class=\"public-at\">2024. december 13.<\/span><\/li>\r\n                <\/ul>\r\n                        <div class=\"desc\"><p style=\"text-align:justify\">2024. december 12-\u00e9n megjelent a 394\/2024. (XII.12.) Korm\u00e1nyrendelet, amely tartalmazza a 2025-\u00f6s minim\u00e1lb\u00e9r \u00e9rt\u00e9k\u00e9t. Ennek alapj\u00e1n 2025. janu\u00e1r 1-t\u0151l az al\u00e1bbiak l\u00e9pnek \u00e9letbe:<\/p><\/div>\r\n        <\/div>\r\n    <\/div>\r\n        <\/div>\r\n            <div class=\"col-md-6 col-xs-12 inline-col feed-item\">\r\n            <div class=\"clearfix\">\r\n        <div class=\"img\">\r\n            <a  href=\"https:\/\/kemkik.positive.hu\/hirek\/mestereket-avatott-a-kamara-esztergomban\" tabindex=\"-1\">\r\n                <img class=\"img-responsive img-center\" src=\"\/uploads\/feed_items\/small-mesteravato2024foto2-17345146744218.jpg\" alt=\"Mestereket avatott a kamara Esztergomban\">\r\n            <\/a>\r\n        <\/div>\r\n        <div class=\"info\">\r\n            <div class=\"title\"><a  href=\"https:\/\/kemkik.positive.hu\/hirek\/mestereket-avatott-a-kamara-esztergomban\">Mestereket avatott a kamara Esztergomban<\/a><\/div>\r\n                            <ul class=\"categories\">\r\n                                            <li><a style=\"background: #9b0c8d; color: #ffffff\" href=\"https:\/\/kemkik.positive.hu\/hirek\/szakkepzesi-hirek\">Szakk\u00e9pz\u00e9si h\u00edrek<\/a><\/li>\r\n                                            <li><a style=\"background: #305f31; color: #ffffff\" href=\"https:\/\/kemkik.positive.hu\/hirek\/kemkik-hirek\">KEMKIK h\u00edrek<\/a><\/li>\r\n                                        <li><span class=\"public-at\">2024. december 13.<\/span><\/li>\r\n                <\/ul>\r\n                        <div class=\"desc\"><p style=\"text-align:justify\">A c\u00e9hes hagyom\u00e1nyok szerinti, \u00fcnnep\u00e9lyes mesteravat\u00f3t tartott Esztergomban a Kom\u00e1rom-Esztergom V\u00e1rmegyei Kereskedelmi \u00e9s Iparkamara. A Szent Adalbert K\u00f6zpontban rendezett \u00fcnneps\u00e9gen 4 szakma k\u00e9pvisel\u0151jek\u00e9nt 24 mester vette \u00e1t oklevel\u00e9t. A mesterjel\u00f6ltek a tatai m\u00e9sz\u00e1ros c\u00e9h 1775-ben k\u00e9sz\u00fclt l\u00e1d\u00e1ja mellett&nbsp;tettek esk\u00fct.<\/p>\r\n\r\n<p>&nbsp;<\/p><\/div>\r\n        <\/div>\r\n    <\/div>\r\n        <\/div>\r\n            <div class=\"col-md-6 col-xs-12 inline-col feed-item\">\r\n            <div class=\"clearfix\">\r\n        <div class=\"img\">\r\n            <a  href=\"https:\/\/kemkik.positive.hu\/hirek\/figyelem-online-csalas-hamis-bankszamlaszammal\" tabindex=\"-1\">\r\n                <img class=\"img-responsive img-center\" src=\"\/uploads\/feed_items\/small-hacker-1920-1-17340769757589.jpg\" alt=\"Figyelem! Online csal\u00e1s hamis banksz\u00e1mlasz\u00e1mmal\">\r\n            <\/a>\r\n        <\/div>\r\n        <div class=\"info\">\r\n            <div class=\"title\"><a  href=\"https:\/\/kemkik.positive.hu\/hirek\/figyelem-online-csalas-hamis-bankszamlaszammal\">Figyelem! Online csal\u00e1s hamis banksz\u00e1mlasz\u00e1mmal<\/a><\/div>\r\n                            <ul class=\"categories\">\r\n                                            <li><a style=\"background: #305f31; color: #ffffff\" href=\"https:\/\/kemkik.positive.hu\/hirek\/kemkik-hirek\">KEMKIK h\u00edrek<\/a><\/li>\r\n                                        <li><span class=\"public-at\">2024. december 13.<\/span><\/li>\r\n                <\/ul>\r\n                        <div class=\"desc\"><p style=\"text-align:justify\">Idei \u00e9v december h\u00f3napban az Esztergomi Rend\u0151rkapit\u00e1nys\u00e1g illet\u00e9kess\u00e9gi ter\u00fclet\u00e9n m\u0171k\u00f6d\u0151 egyik v\u00e1llalata jelent\u0151s k\u00e1rt okoz\u00f3 csal\u00e1s \u00e1ldozata lett, melyet banksz\u00e1mlasz\u00e1m v\u00e1ltoz\u00e1sra t\u00f6rt\u00e9n\u0151 hivatkoz\u00e1s m\u00f3dszer\u00e9vel k\u00f6vettek el. Az \u00e9rintett c\u00e9g beszerz\u00e9ssel foglalkoz\u00f3 munkav\u00e1llal\u00f3ja \u00e1ltal tett feljelent\u00e9s alapj\u00e1n indult elj\u00e1r\u00e1s ismeretlen tettes ellen.<\/p><\/div>\r\n        <\/div>\r\n    <\/div>\r\n        <\/div>\r\n            <div class=\"col-md-6 col-xs-12 inline-col feed-item\">\r\n            <div class=\"clearfix\">\r\n        <div class=\"img\">\r\n            <a  href=\"https:\/\/kemkik.positive.hu\/hirek\/a-nav-fokozottan-ellenorzi-a-jatekokat\" tabindex=\"-1\">\r\n                <img class=\"img-responsive img-center\" src=\"\/uploads\/feed_items\/small-building-1920-17339136089113.jpg\" alt=\"A NAV fokozottan ellen\u0151rzi a j\u00e1t\u00e9kokat\">\r\n            <\/a>\r\n        <\/div>\r\n        <div class=\"info\">\r\n            <div class=\"title\"><a  href=\"https:\/\/kemkik.positive.hu\/hirek\/a-nav-fokozottan-ellenorzi-a-jatekokat\">A NAV fokozottan ellen\u0151rzi a j\u00e1t\u00e9kokat<\/a><\/div>\r\n                            <ul class=\"categories\">\r\n                                            <li><a style=\"background: #00555b; color: #ffffff\" href=\"https:\/\/kemkik.positive.hu\/hirek\/nav-hirek\">NAV h\u00edrek<\/a><\/li>\r\n                                            <li><a style=\"background: #3fc6bf; color: #ffffff\" href=\"https:\/\/kemkik.positive.hu\/hirek\/fogyasztovedelmi-hirek\">Fogyaszt\u00f3v\u00e9delmi h\u00edrek<\/a><\/li>\r\n                                        <li><span class=\"public-at\">2024. december 11.<\/span><\/li>\r\n                <\/ul>\r\n                        <div class=\"desc\"><p style=\"text-align:justify\">A Nemzeti Ad\u00f3- \u00e9s V\u00e1mhivatal (NAV) az \u00fcnnepek el\u0151tt kiemelten ellen\u0151rzi, hogy biztons\u00e1gos j\u00e1t\u00e9kok ker\u00fclnek-e az \u00fczletek polcaira, mert elk\u00f6telezett abban, hogy megakad\u00e1lyozza az olyan j\u00e1t\u00e9kok forgalomba hozatal\u00e1t, amelyek nem felelnek meg a biztons\u00e1gi el\u0151\u00edr\u00e1soknak, hamis\u00edtv\u00e1nyok, vagy gyenge min\u0151s\u00e9g\u00fck miatt vesz\u00e9lyt jelenthetnek a gyermekekre.<\/p><\/div>\r\n        <\/div>\r\n    <\/div>\r\n        <\/div>\r\n            <div class=\"col-md-6 col-xs-12 inline-col feed-item\">\r\n            <div class=\"clearfix\">\r\n        <div class=\"img\">\r\n            <a  href=\"https:\/\/kemkik.positive.hu\/hirek\/uj-hitelprogram-indul-a-vallalkozasok-digitalizacios-szintlepesere\" tabindex=\"-1\">\r\n                <img class=\"img-responsive img-center\" src=\"\/uploads\/feed_items\/small-hands-1920-17339124329547.jpg\" alt=\"\u00daj hitelprogram indul a v\u00e1llalkoz\u00e1sok digitaliz\u00e1ci\u00f3s szintl\u00e9p\u00e9s\u00e9re\">\r\n            <\/a>\r\n        <\/div>\r\n        <div class=\"info\">\r\n            <div class=\"title\"><a  href=\"https:\/\/kemkik.positive.hu\/hirek\/uj-hitelprogram-indul-a-vallalkozasok-digitalizacios-szintlepesere\">\u00daj hitelprogram indul a v\u00e1llalkoz\u00e1sok digitaliz\u00e1ci\u00f3s szintl\u00e9p\u00e9s\u00e9re<\/a><\/div>\r\n                            <ul class=\"categories\">\r\n                                            <li><a style=\"background: #8b3b0d; color: #ffffff\" href=\"https:\/\/kemkik.positive.hu\/hirek\/palyazatok\">P\u00e1ly\u00e1zatok<\/a><\/li>\r\n                                        <li><span class=\"public-at\">2024. december 11.<\/span><\/li>\r\n                <\/ul>\r\n                        <div class=\"desc\"><p style=\"text-align:justify\">December 5-t\u0151l a Magyar Fejleszt\u00e9si Bank az eur\u00f3pai uni\u00f3s t\u00e1rsfinansz\u00edroz\u00e1s\u00fa, a hazai mikro-, kis- \u00e9s k\u00f6z\u00e9pv\u00e1llalkoz\u00e1sok digitaliz\u00e1ci\u00f3s t\u00f6rekv\u00e9seit el\u0151seg\u00edt\u0151 Digit\u00e1lis Meg\u00fajul\u00e1s Operat\u00edv Program DIMOP PLUSZ keret\u00e9ben k\u00e9t \u00faj, 0 sz\u00e1zal\u00e9kos kamatoz\u00e1s\u00fa hitelterm\u00e9ket tesz el\u00e9rhet\u0151v\u00e9.<\/p><\/div>\r\n        <\/div>\r\n    <\/div>\r\n        <\/div>\r\n            <div class=\"col-md-6 col-xs-12 inline-col feed-item\">\r\n            <div class=\"clearfix\">\r\n        <div class=\"img\">\r\n            <a  href=\"https:\/\/kemkik.positive.hu\/hirek\/demjan-sandor-11-kkv-beruhazas-elenkito-tamogatasi-program\" tabindex=\"-1\">\r\n                <img class=\"img-responsive img-center\" src=\"\/uploads\/feed_items\/small-demjan-1fc65a45-nagyobbb-17334735797831.jpg\" alt=\"Demj\u00e1n S\u00e1ndor 1+1 KKV Beruh\u00e1z\u00e1s-\u00e9l\u00e9nk\u00edt\u0151 T\u00e1mogat\u00e1si Program\">\r\n            <\/a>\r\n        <\/div>\r\n        <div class=\"info\">\r\n            <div class=\"title\"><a  href=\"https:\/\/kemkik.positive.hu\/hirek\/demjan-sandor-11-kkv-beruhazas-elenkito-tamogatasi-program\">Demj\u00e1n S\u00e1ndor 1+1 KKV Beruh\u00e1z\u00e1s-\u00e9l\u00e9nk\u00edt\u0151 T\u00e1mogat\u00e1si Program<\/a><\/div>\r\n                            <ul class=\"categories\">\r\n                                            <li><a style=\"background: #8b3b0d; color: #ffffff\" href=\"https:\/\/kemkik.positive.hu\/hirek\/palyazatok\">P\u00e1ly\u00e1zatok<\/a><\/li>\r\n                                        <li><span class=\"public-at\">2024. december 06.<\/span><\/li>\r\n                <\/ul>\r\n                        <div class=\"desc\"><p style=\"text-align:justify\">A KKV-k adj\u00e1k a magyar gazdas\u00e1g gerinc\u00e9t \u00e9s tart\u00f3pill\u00e9r\u00e9t. A KKV-k a hazai v\u00e1llalkoz\u00e1sok 99 sz\u00e1zal\u00e9k\u00e1t teszik ki, \u00e9s a foglalkoztatottak 72 sz\u00e1zal\u00e9k\u00e1t alkalmazz\u00e1k, ezzel t\u00f6bb milli\u00f3 magyar csal\u00e1d sz\u00e1m\u00e1ra biztos\u00edtj\u00e1k a meg\u00e9lhet\u00e9st.<\/p><\/div>\r\n        <\/div>\r\n    <\/div>\r\n        <\/div>\r\n    <\/div>\r\n\r\n<ul class=\"pagination text-center\">\r\n                    <li class=\"left\"><a aria-label=\"El\u0151z\u0151\" href=\"https:\/\/kemkik.positive.hu\/api\/feeds\/page?page=29\" rel=\"nofollow\"><i aria-hidden=\"true\" class=\"icon icon-arrow-flat-left\"><\/i><\/a><\/li>\r\n        \r\n                    \r\n                                                                        <li><a href=\"https:\/\/kemkik.positive.hu\/api\/feeds\/page?page=1\" rel=\"nofollow\" aria-label=\"1. oldal bet\u00f6lt\u00e9se\">01<\/a><\/li>\r\n                                                                                <li><a href=\"https:\/\/kemkik.positive.hu\/api\/feeds\/page?page=2\" rel=\"nofollow\" aria-label=\"2. oldal bet\u00f6lt\u00e9se\">02<\/a><\/li>\r\n                                                                                    <li class=\"disabled\"><span>...<\/span><\/li>\r\n            \r\n                                \r\n                                                                        <li><a href=\"https:\/\/kemkik.positive.hu\/api\/feeds\/page?page=27\" rel=\"nofollow\" aria-label=\"27. oldal bet\u00f6lt\u00e9se\">27<\/a><\/li>\r\n                                                                                <li><a href=\"https:\/\/kemkik.positive.hu\/api\/feeds\/page?page=28\" rel=\"nofollow\" aria-label=\"28. oldal bet\u00f6lt\u00e9se\">28<\/a><\/li>\r\n                                                                                <li><a href=\"https:\/\/kemkik.positive.hu\/api\/feeds\/page?page=29\" rel=\"nofollow\" aria-label=\"29. oldal bet\u00f6lt\u00e9se\">29<\/a><\/li>\r\n                                                                                <li class=\"active\" aria-label=\"30. oldal bet\u00f6lt\u00e9se\"><span>30<\/span><\/li>\r\n                                                                                <li><a href=\"https:\/\/kemkik.positive.hu\/api\/feeds\/page?page=31\" rel=\"nofollow\" aria-label=\"31. oldal bet\u00f6lt\u00e9se\">31<\/a><\/li>\r\n                                                                                <li><a href=\"https:\/\/kemkik.positive.hu\/api\/feeds\/page?page=32\" rel=\"nofollow\" aria-label=\"32. oldal bet\u00f6lt\u00e9se\">32<\/a><\/li>\r\n                                                                                <li><a href=\"https:\/\/kemkik.positive.hu\/api\/feeds\/page?page=33\" rel=\"nofollow\" aria-label=\"33. oldal bet\u00f6lt\u00e9se\">33<\/a><\/li>\r\n                                                                                    <li class=\"disabled\"><span>...<\/span><\/li>\r\n            \r\n                                \r\n                                                                        <li><a href=\"https:\/\/kemkik.positive.hu\/api\/feeds\/page?page=94\" rel=\"nofollow\" aria-label=\"94. oldal bet\u00f6lt\u00e9se\">94<\/a><\/li>\r\n                                                                                <li><a href=\"https:\/\/kemkik.positive.hu\/api\/feeds\/page?page=95\" rel=\"nofollow\" aria-label=\"95. oldal bet\u00f6lt\u00e9se\">95<\/a><\/li>\r\n                                                        \r\n                    <li class=\"right\"><a aria-label=\"K\u00f6vetkez\u0151\" href=\"https:\/\/kemkik.positive.hu\/api\/feeds\/page?page=31\" rel=\"nofollow\"><i aria-hidden=\"true\" class=\"icon icon-arrow-flat-right\"><\/i><\/a><\/li>\r\n            <\/ul>\r\n\r\n","page":"30"}