{"content":"<div class=\"row inline-row\">\r\n                <div class=\"col-md-6 col-xs-12 inline-col feed-item\">\r\n            <div class=\"clearfix\">\r\n        <div class=\"img\">\r\n            <a  href=\"https:\/\/kemkik.positive.hu\/hirek\/3-napos-beszallitoi-targyalastechnikai-es-kommunikacios-trening-prezentaciok\" tabindex=\"-1\">\r\n                <img class=\"img-responsive img-center\" src=\"\/uploads\/feed_items\/small-38cb0716-a6fc-4cf4-a723-57f904f112a6-1772626023289.jpeg\" alt=\"3 napos Besz\u00e1ll\u00edt\u00f3i t\u00e1rgyal\u00e1stechnikai \u00e9s kommunik\u00e1ci\u00f3s tr\u00e9ning - prezent\u00e1ci\u00f3k\">\r\n            <\/a>\r\n        <\/div>\r\n        <div class=\"info\">\r\n            <div class=\"title\"><a  href=\"https:\/\/kemkik.positive.hu\/hirek\/3-napos-beszallitoi-targyalastechnikai-es-kommunikacios-trening-prezentaciok\">3 napos Besz\u00e1ll\u00edt\u00f3i t\u00e1rgyal\u00e1stechnikai \u00e9s kommunik\u00e1ci\u00f3s tr\u00e9ning - prezent\u00e1ci\u00f3k<\/a><\/div>\r\n                            <ul class=\"categories\">\r\n                                            <li><a style=\"background: #395f06; color: #ffffff\" href=\"https:\/\/kemkik.positive.hu\/hirek\/rendezvenyek-dokumentumai\">El\u0151ad\u00e1sok &amp; vide\u00f3k<\/a><\/li>\r\n                                        <li><span class=\"public-at\">2026. m\u00e1rcius 04.<\/span><\/li>\r\n                <\/ul>\r\n                        <div class=\"desc\"><p style=\"text-align:justify\">El\u00e9rhet\u0151 a Kom\u00e1rom-Esztergom V\u00e1rmegyei Kereskedelmi \u00e9s Iparkamara&nbsp;h\u00e1rom napos&nbsp;Besz\u00e1ll\u00edt\u00f3i t\u00e1rgyal\u00e1stechnikai \u00e9s kommunik\u00e1ci\u00f3s tr\u00e9ningj\u00e9nek prezent\u00e1ci\u00f3i.<\/p><\/div>\r\n        <\/div>\r\n    <\/div>\r\n        <\/div>\r\n            <div class=\"col-md-6 col-xs-12 inline-col feed-item\">\r\n            <div class=\"clearfix\">\r\n        <div class=\"img\">\r\n            <a  href=\"https:\/\/kemkik.positive.hu\/hirek\/beauty-istanbul-2026-kiallitasi-lehetoseg-torokorszagban\" tabindex=\"-1\">\r\n                <img class=\"img-responsive img-center\" src=\"\/uploads\/feed_items\/small-60528573056756015-n-17724610096623.jpg\" alt=\"BEAUTY ISTANBUL 2026: Ki\u00e1ll\u00edt\u00e1si lehet\u0151s\u00e9g T\u00f6r\u00f6korsz\u00e1gban\">\r\n            <\/a>\r\n        <\/div>\r\n        <div class=\"info\">\r\n            <div class=\"title\"><a  href=\"https:\/\/kemkik.positive.hu\/hirek\/beauty-istanbul-2026-kiallitasi-lehetoseg-torokorszagban\">BEAUTY ISTANBUL 2026: Ki\u00e1ll\u00edt\u00e1si lehet\u0151s\u00e9g T\u00f6r\u00f6korsz\u00e1gban<\/a><\/div>\r\n                            <ul class=\"categories\">\r\n                                            <li><a style=\"background: #5123b3; color: #ffffff\" href=\"https:\/\/kemkik.positive.hu\/hirek\/kulgazdasagi-hirek\">K\u00fclgazdas\u00e1gi h\u00edrek<\/a><\/li>\r\n                                        <li><span class=\"public-at\">2026. m\u00e1rcius 02.<\/span><\/li>\r\n                <\/ul>\r\n                        <div class=\"desc\"><p style=\"text-align:justify\">T\u00f6r\u00f6korsz\u00e1g legrangosabb, valamint a vil\u00e1g \u00f6t legnagyobb sz\u00e9ps\u00e9gipari ki\u00e1ll\u00edt\u00e1sa k\u00f6z\u00f6tt sz\u00e1montartott, <strong>BEAUTY ISTANBUL<\/strong> ki\u00e1ll\u00edt\u00e1s 2026-ban, imm\u00e1r 7. alkalommal ker\u00fcl megrendez\u00e9sre Isztambulban <strong>2026. m\u00e1jus 7-9. k\u00f6z\u00f6tt<\/strong>. A HEPA Magyar Exportfejleszt\u00e9si \u00dcgyn\u00f6ks\u00e9g nemzeti standot \u00e1ll\u00edt a v\u00e1s\u00e1ron, melyre m\u00e9g v\u00e1rj\u00e1k a sz\u00e9ps\u00e9giparban tev\u00e9kenyked\u0151 magyar v\u00e1llalatok jelentkez\u00e9s\u00e9t.<\/p><\/div>\r\n        <\/div>\r\n    <\/div>\r\n        <\/div>\r\n            <div class=\"col-md-6 col-xs-12 inline-col feed-item\">\r\n            <div class=\"clearfix\">\r\n        <div class=\"img\">\r\n            <a  href=\"https:\/\/kemkik.positive.hu\/hirek\/eu-forrasok-a-gazdasagfejlesztesben-ginop-plusz-es-dimop-plusz\" tabindex=\"-1\">\r\n                <img class=\"img-responsive img-center\" src=\"\/uploads\/feed_items\/small-ics-5676-17724398667558.JPG\" alt=\"EU forr\u00e1sok a gazdas\u00e1gfejleszt\u00e9sben: GINOP Plusz \u00e9s DIMOP Plusz\">\r\n            <\/a>\r\n        <\/div>\r\n        <div class=\"info\">\r\n            <div class=\"title\"><a  href=\"https:\/\/kemkik.positive.hu\/hirek\/eu-forrasok-a-gazdasagfejlesztesben-ginop-plusz-es-dimop-plusz\">EU forr\u00e1sok a gazdas\u00e1gfejleszt\u00e9sben: GINOP Plusz \u00e9s DIMOP Plusz<\/a><\/div>\r\n                            <ul class=\"categories\">\r\n                                            <li><a style=\"background: #475732; color: #ffffff\" href=\"https:\/\/kemkik.positive.hu\/hirek\/rendezvenyek\">Rendezv\u00e9nyek<\/a><\/li>\r\n                                            <li><a style=\"background: #8b3b0d; color: #ffffff\" href=\"https:\/\/kemkik.positive.hu\/hirek\/palyazatok\">P\u00e1ly\u00e1zatok<\/a><\/li>\r\n                                        <li><span class=\"public-at\">2026. m\u00e1rcius 02.<\/span><\/li>\r\n                <\/ul>\r\n                        <div class=\"desc\"><p style=\"text-align:justify\">A Nemzeti Fejleszt\u00e9si K\u00f6zpont, mint szervez\u0151, ez\u00faton tisztelettel megh\u00edvja \u00d6nt, illetve az \u00d6n \u00e1ltal k\u00e9pviselt v\u00e1llalkoz\u00e1st az \u201eEU forr\u00e1sok a gazdas\u00e1gfejleszt\u00e9sben\u201d c\u00edm\u0171 rendezv\u00e9ny\u00e9re. A program jelenl\u00e9ti helysz\u00edne Sz\u00e9kesfeh\u00e9rv\u00e1r, Tatab\u00e1ny\u00e1r\u00f3l pedig streamingen kereszt\u00fcl ny\u00fajtunk csatlakoz\u00e1si lehet\u0151s\u00e9get a Kom\u00e1rom-Esztergom-V\u00e1rmegyei Kereskedelmi \u00e9s Iparkamara sz\u00e9kh\u00e1z\u00e1b\u00f3l, ahol vend\u00e9gl\u00e1t\u00e1ssal \u00e9s szem\u00e9lyes konzult\u00e1ci\u00f3s lehet\u0151s\u00e9ggel is v\u00e1rjuk.&nbsp;&nbsp;<\/p><\/div>\r\n        <\/div>\r\n    <\/div>\r\n        <\/div>\r\n            <div class=\"col-md-6 col-xs-12 inline-col feed-item\">\r\n            <div class=\"clearfix\">\r\n        <div class=\"img\">\r\n            <a  href=\"https:\/\/kemkik.positive.hu\/hirek\/palyazati-kiiras-mestervizsga-elnokok-orszagos-nevjegyzekebe-torteno-felvetelre\" tabindex=\"-1\">\r\n                <img class=\"img-responsive img-center\" src=\"\/uploads\/feed_items\/small-pexels-tima-miroshnichenko-17727863078949.jpg\" alt=\"P\u00c1LY\u00c1ZATI KI\u00cdR\u00c1S - Mestervizsga Eln\u00f6k\u00f6k Orsz\u00e1gos N\u00e9vjegyz\u00e9k\u00e9be t\u00f6rt\u00e9n\u0151 felv\u00e9telre\">\r\n            <\/a>\r\n        <\/div>\r\n        <div class=\"info\">\r\n            <div class=\"title\"><a  href=\"https:\/\/kemkik.positive.hu\/hirek\/palyazati-kiiras-mestervizsga-elnokok-orszagos-nevjegyzekebe-torteno-felvetelre\">P\u00c1LY\u00c1ZATI KI\u00cdR\u00c1S - Mestervizsga Eln\u00f6k\u00f6k Orsz\u00e1gos N\u00e9vjegyz\u00e9k\u00e9be t\u00f6rt\u00e9n\u0151 felv\u00e9telre<\/a><\/div>\r\n                            <ul class=\"categories\">\r\n                                            <li><a style=\"background: #9b0c8d; color: #ffffff\" href=\"https:\/\/kemkik.positive.hu\/hirek\/szakkepzesi-hirek\">Szakk\u00e9pz\u00e9si h\u00edrek<\/a><\/li>\r\n                                        <li><span class=\"public-at\">2026. febru\u00e1r 27.<\/span><\/li>\r\n                <\/ul>\r\n                        <div class=\"desc\"><p style=\"text-align:justify\">A Magyar Kereskedelmi \u00e9s Iparkamara Mesterk\u00e9pz\u00e9si \u00e9s Mestervizsga Szab\u00e1lyzata (a tov\u00e1bbiakban: MKIK MMSZ) 7. \u00a7 (3) bekezd\u00e9se \u00e9rtelm\u00e9ben 2026. febru\u00e1r 27-i egys\u00e9ges megjelentet\u00e9si d\u00e1tummal, a ki\u00edr\u00e1sban felsorolt szakm\u00e1kban&nbsp;p\u00e1ly\u00e1zatot hirdet a Mestervizsga Eln\u00f6k\u00f6k Orsz\u00e1gos N\u00e9vjegyz\u00e9k\u00e9be t\u00f6rt\u00e9n\u0151 felv\u00e9telre. A p\u00e1ly\u00e1zat felt\u00e9telei a k\u00f6vetkez\u0151k:<br \/>\r\n&nbsp;<\/p><\/div>\r\n        <\/div>\r\n    <\/div>\r\n        <\/div>\r\n            <div class=\"col-md-6 col-xs-12 inline-col feed-item\">\r\n            <div class=\"clearfix\">\r\n        <div class=\"img\">\r\n            <a  href=\"https:\/\/kemkik.positive.hu\/hirek\/tanulj-szakmat-es-legyel-te-a-szakmad-sztarja-szakma-sztar-fesztival-2026-marcius-2627\" tabindex=\"-1\">\r\n                <img class=\"img-responsive img-center\" src=\"\/uploads\/feed_items\/small-6326897711885877-meg-nagyiobb-17719203323359.jpg\" alt=\"\u201eTanulj szakm\u00e1t, \u00e9s legy\u00e9l Te a szakm\u00e1d szt\u00e1rja!\u201d  Szakma Szt\u00e1r Fesztiv\u00e1l 2026. m\u00e1rcius 26\u201327.\">\r\n            <\/a>\r\n        <\/div>\r\n        <div class=\"info\">\r\n            <div class=\"title\"><a  href=\"https:\/\/kemkik.positive.hu\/hirek\/tanulj-szakmat-es-legyel-te-a-szakmad-sztarja-szakma-sztar-fesztival-2026-marcius-2627\">\u201eTanulj szakm\u00e1t, \u00e9s legy\u00e9l Te a szakm\u00e1d szt\u00e1rja!\u201d  Szakma Szt\u00e1r Fesztiv\u00e1l 2026. m\u00e1rcius 26\u201327.<\/a><\/div>\r\n                            <ul class=\"categories\">\r\n                                            <li><a style=\"background: #9b0c8d; color: #ffffff\" href=\"https:\/\/kemkik.positive.hu\/hirek\/szakkepzesi-hirek\">Szakk\u00e9pz\u00e9si h\u00edrek<\/a><\/li>\r\n                                        <li><span class=\"public-at\">2026. febru\u00e1r 24.<\/span><\/li>\r\n                <\/ul>\r\n                        <div class=\"desc\"><p style=\"text-align:justify\">T\u00f6bb mint 50 szakm\u00e1ban, k\u00f6zel k\u00e9tsz\u00e1z di\u00e1k m\u00e9ri \u00f6ssze tud\u00e1s\u00e1t a XIX. Szakma Szt\u00e1r Fesztiv\u00e1lon 2026. m\u00e1rcius 26\u201327-\u00e9n Budapesten. A rangos esem\u00e9ny programk\u00edn\u00e1lat\u00e1ban id\u00e9n is kiemelt szerepet kap az interaktivit\u00e1s \u00e9s a szem\u00e9lyesen megtapasztalhat\u00f3, \u00e9lm\u00e9nyalap\u00fa bemutat\u00f3k sora.<\/p><\/div>\r\n        <\/div>\r\n    <\/div>\r\n        <\/div>\r\n            <div class=\"col-md-6 col-xs-12 inline-col feed-item\">\r\n            <div class=\"clearfix\">\r\n        <div class=\"img\">\r\n            <a  href=\"https:\/\/kemkik.positive.hu\/hirek\/elektronikus-alairas-felaron-az-onkentes-kamarai-tagoknak\" tabindex=\"-1\">\r\n                <img class=\"img-responsive img-center\" src=\"\/uploads\/feed_items\/small-mkik-microsec-17718506347892.jpeg\" alt=\"Elektronikus al\u00e1\u00edr\u00e1s f\u00e9l\u00e1ron az \u00f6nk\u00e9ntes kamarai tagoknak\">\r\n            <\/a>\r\n        <\/div>\r\n        <div class=\"info\">\r\n            <div class=\"title\"><a  href=\"https:\/\/kemkik.positive.hu\/hirek\/elektronikus-alairas-felaron-az-onkentes-kamarai-tagoknak\">Elektronikus al\u00e1\u00edr\u00e1s f\u00e9l\u00e1ron az \u00f6nk\u00e9ntes kamarai tagoknak<\/a><\/div>\r\n                            <ul class=\"categories\">\r\n                                            <li><a style=\"background: #305f31; color: #ffffff\" href=\"https:\/\/kemkik.positive.hu\/hirek\/kemkik-hirek\">KEMKIK h\u00edrek<\/a><\/li>\r\n                                        <li><span class=\"public-at\">2026. febru\u00e1r 23.<\/span><\/li>\r\n                <\/ul>\r\n                        <div class=\"desc\"><p style=\"text-align:justify\">Strat\u00e9giai egy\u00fcttm\u0171k\u00f6d\u00e9s keret\u00e9ben t\u00e1mogatja a c\u00e9gek digit\u00e1lis fejl\u0151d\u00e9s\u00e9t \u00e9s az elektronikus al\u00e1\u00edr\u00e1ssal j\u00e1r\u00f3 k\u00f6lts\u00e9gek cs\u00f6kkent\u00e9s\u00e9t a Magyar Kereskedelmi \u00e9s Iparkamara \u00e9s a min\u0151s\u00edtett elektronikus al\u00e1\u00edr\u00e1si szolg\u00e1ltat\u00e1st k\u00edn\u00e1l\u00f3, IT-biztons\u00e1gi \u00e9s szoftverfejleszt\u0151 c\u00e9g, a Microsec Sz\u00e1m\u00edt\u00e1stechnikai Fejleszt\u0151 Zrt.<\/p><\/div>\r\n        <\/div>\r\n    <\/div>\r\n        <\/div>\r\n            <div class=\"col-md-6 col-xs-12 inline-col feed-item\">\r\n            <div class=\"clearfix\">\r\n        <div class=\"img\">\r\n            <a  href=\"https:\/\/kemkik.positive.hu\/hirek\/szellemi-tulajdonjoggal-es-a-tulajdonjog-vedelmevel-kapcsolatos-webinar\" tabindex=\"-1\">\r\n                <img class=\"img-responsive img-center\" src=\"\/uploads\/feed_items\/small-20260304-poster-3-1-17715112050803.png\" alt=\"Szellemi tulajdonjoggal \u00e9s a tulajdonjog v\u00e9delm\u00e9vel kapcsolatos Webinar\">\r\n            <\/a>\r\n        <\/div>\r\n        <div class=\"info\">\r\n            <div class=\"title\"><a  href=\"https:\/\/kemkik.positive.hu\/hirek\/szellemi-tulajdonjoggal-es-a-tulajdonjog-vedelmevel-kapcsolatos-webinar\">Szellemi tulajdonjoggal \u00e9s a tulajdonjog v\u00e9delm\u00e9vel kapcsolatos Webinar<\/a><\/div>\r\n                            <ul class=\"categories\">\r\n                                            <li><a style=\"background: #5123b3; color: #ffffff\" href=\"https:\/\/kemkik.positive.hu\/hirek\/kulgazdasagi-hirek\">K\u00fclgazdas\u00e1gi h\u00edrek<\/a><\/li>\r\n                                        <li><span class=\"public-at\">2026. febru\u00e1r 19.<\/span><\/li>\r\n                <\/ul>\r\n                        <div class=\"desc\"><p style=\"text-align:justify\">Az esem\u00e9nyen April Wei, a China IP SME Helpdesk szellemi tulajdonjogi tan\u00e1csad\u00f3ja a szellemi tulajdon v\u00e9delm\u00e9nek fontoss\u00e1g\u00e1r\u00f3l fog besz\u00e9lni a K\u00edn\u00e1ban gy\u00e1rtott term\u00e9kek kapcs\u00e1n, elmagyar\u00e1zva azokat a gyakori szellemi tulajdonjogi probl\u00e9m\u00e1kat, amelyekkel a kis- \u00e9s k\u00f6z\u00e9pv\u00e1llalkoz\u00e1sok szembes\u00fclnek. Ig\u00e9ny eset\u00e9n egyedi, ingyenes \u00fczleti konzult\u00e1ci\u00f3 is k\u00e9rhet\u0151 az IP \u00fcgyek k\u00e9rd\u00e9sk\u00f6r\u00e9ben a v\u00e1llalatok r\u00e9sz\u00e9re.<\/p><\/div>\r\n        <\/div>\r\n    <\/div>\r\n        <\/div>\r\n            <div class=\"col-md-6 col-xs-12 inline-col feed-item\">\r\n            <div class=\"clearfix\">\r\n        <div class=\"img\">\r\n            <a  href=\"https:\/\/kemkik.positive.hu\/hirek\/a-webes-ugysegedet-marcius-2-tol-felvaltja-majd-a-vallalkozoi-ugyseged\" tabindex=\"-1\">\r\n                <img class=\"img-responsive img-center\" src=\"\/uploads\/feed_items\/small-nav-logo-1771322365422.jpg\" alt=\"A Webes \u00dcgyseg\u00e9det m\u00e1rcius 2-t\u00f3l felv\u00e1ltja majd a V\u00e1llalkoz\u00f3i \u00dcgyseg\u00e9d\">\r\n            <\/a>\r\n        <\/div>\r\n        <div class=\"info\">\r\n            <div class=\"title\"><a  href=\"https:\/\/kemkik.positive.hu\/hirek\/a-webes-ugysegedet-marcius-2-tol-felvaltja-majd-a-vallalkozoi-ugyseged\">A Webes \u00dcgyseg\u00e9det m\u00e1rcius 2-t\u00f3l felv\u00e1ltja majd a V\u00e1llalkoz\u00f3i \u00dcgyseg\u00e9d<\/a><\/div>\r\n                            <ul class=\"categories\">\r\n                                            <li><a style=\"background: #00555b; color: #ffffff\" href=\"https:\/\/kemkik.positive.hu\/hirek\/nav-hirek\">NAV h\u00edrek<\/a><\/li>\r\n                                        <li><span class=\"public-at\">2026. febru\u00e1r 17.<\/span><\/li>\r\n                <\/ul>\r\n                        <div class=\"desc\"><p style=\"text-align:justify\"><strong>A <a href=\"https:\/\/nav.gov.hu\/sajtoszoba\/hirek\/Megujul_az_Ugyseged\">Nemzeti Ad\u00f3- \u00e9s V\u00e1mhivatal t\u00e1j\u00e9koztat\u00f3j\u00e1ban<\/a> bejelentette, hogy a Webes \u00dcgyseg\u00e9det m\u00e1rcius 2-t\u00f3l felv\u00e1ltja majd a V\u00e1llalkoz\u00f3i \u00dcgyseg\u00e9d. <\/strong>A sikeres tesztid\u0151szak ut\u00e1n febru\u00e1r 19-t\u0151l \u00e9lesedik a V\u00e1llalkoz\u00f3i \u00dcgyseg\u00e9d, amely a <a href=\"https:\/\/ugyfelportal.nav.gov.hu\/\">NAV \u00dcgyf\u00e9lport\u00e1lj\u00e1n<\/a> (\u00dcPO) kereszt\u00fcl \u00e9rhet\u0151 el.<\/p><\/div>\r\n        <\/div>\r\n    <\/div>\r\n        <\/div>\r\n    <\/div>\r\n\r\n<ul class=\"pagination text-center\">\r\n                    <li class=\"left\"><a aria-label=\"El\u0151z\u0151\" href=\"https:\/\/kemkik.positive.hu\/api\/feeds\/page?page=3\" rel=\"nofollow\"><i aria-hidden=\"true\" class=\"icon icon-arrow-flat-left\"><\/i><\/a><\/li>\r\n        \r\n                    \r\n                                                                        <li><a href=\"https:\/\/kemkik.positive.hu\/api\/feeds\/page?page=1\" rel=\"nofollow\" aria-label=\"1. oldal bet\u00f6lt\u00e9se\">01<\/a><\/li>\r\n                                                                                <li><a href=\"https:\/\/kemkik.positive.hu\/api\/feeds\/page?page=2\" rel=\"nofollow\" aria-label=\"2. oldal bet\u00f6lt\u00e9se\">02<\/a><\/li>\r\n                                                                                <li><a href=\"https:\/\/kemkik.positive.hu\/api\/feeds\/page?page=3\" rel=\"nofollow\" aria-label=\"3. oldal bet\u00f6lt\u00e9se\">03<\/a><\/li>\r\n                                                                                <li class=\"active\" aria-label=\"4. oldal bet\u00f6lt\u00e9se\"><span>04<\/span><\/li>\r\n                                                                                <li><a href=\"https:\/\/kemkik.positive.hu\/api\/feeds\/page?page=5\" rel=\"nofollow\" aria-label=\"5. oldal bet\u00f6lt\u00e9se\">05<\/a><\/li>\r\n                                                                                <li><a href=\"https:\/\/kemkik.positive.hu\/api\/feeds\/page?page=6\" rel=\"nofollow\" aria-label=\"6. oldal bet\u00f6lt\u00e9se\">06<\/a><\/li>\r\n                                                                                <li><a href=\"https:\/\/kemkik.positive.hu\/api\/feeds\/page?page=7\" rel=\"nofollow\" aria-label=\"7. oldal bet\u00f6lt\u00e9se\">07<\/a><\/li>\r\n                                                                                <li><a href=\"https:\/\/kemkik.positive.hu\/api\/feeds\/page?page=8\" rel=\"nofollow\" aria-label=\"8. oldal bet\u00f6lt\u00e9se\">08<\/a><\/li>\r\n                                                                                    <li class=\"disabled\"><span>...<\/span><\/li>\r\n            \r\n                                \r\n                                                                        <li><a href=\"https:\/\/kemkik.positive.hu\/api\/feeds\/page?page=94\" rel=\"nofollow\" aria-label=\"94. oldal bet\u00f6lt\u00e9se\">94<\/a><\/li>\r\n                                                                                <li><a href=\"https:\/\/kemkik.positive.hu\/api\/feeds\/page?page=95\" rel=\"nofollow\" aria-label=\"95. oldal bet\u00f6lt\u00e9se\">95<\/a><\/li>\r\n                                                        \r\n                    <li class=\"right\"><a aria-label=\"K\u00f6vetkez\u0151\" href=\"https:\/\/kemkik.positive.hu\/api\/feeds\/page?page=5\" rel=\"nofollow\"><i aria-hidden=\"true\" class=\"icon icon-arrow-flat-right\"><\/i><\/a><\/li>\r\n            <\/ul>\r\n\r\n","page":"4"}