{"content":"<div class=\"row inline-row\">\r\n                <div class=\"col-md-6 col-xs-12 inline-col feed-item\">\r\n            <div class=\"clearfix\">\r\n        <div class=\"img\">\r\n            <a  href=\"https:\/\/kemkik.positive.hu\/hirek\/ecommerce-expo-budapest-20260226\" tabindex=\"-1\">\r\n                <img class=\"img-responsive img-center\" src=\"\/uploads\/feed_items\/small-5331133071983394-n-17712417851671.png\" alt=\"Ecommerce Expo Budapest - 2026.02.26.\">\r\n            <\/a>\r\n        <\/div>\r\n        <div class=\"info\">\r\n            <div class=\"title\"><a  href=\"https:\/\/kemkik.positive.hu\/hirek\/ecommerce-expo-budapest-20260226\">Ecommerce Expo Budapest - 2026.02.26.<\/a><\/div>\r\n                            <ul class=\"categories\">\r\n                                            <li><a style=\"background: #475732; color: #ffffff\" href=\"https:\/\/kemkik.positive.hu\/hirek\/rendezvenyek\">Rendezv\u00e9nyek<\/a><\/li>\r\n                                            <li><a style=\"background: #535667; color: #ffffff\" href=\"https:\/\/kemkik.positive.hu\/hirek\/gazdasag\">Gazdas\u00e1g<\/a><\/li>\r\n                                        <li><span class=\"public-at\">2026. febru\u00e1r 16.<\/span><\/li>\r\n                <\/ul>\r\n                        <div class=\"desc\"><p style=\"text-align:justify\">2026. febru\u00e1r 26-\u00e1n \u00fajra megrendez\u00e9sre ker\u00fcl az <a href=\"https:\/\/www.ecomexpo.hu\/\">Ecommerce Expo Budapest<\/a>, Magyarorsz\u00e1g legjelent\u0151sebb e-kereskedelmi esem\u00e9nye.&nbsp;Ez\u00faton h\u00edvjuk meg&nbsp;\u00d6nt, hogy legyen r\u00e9szese ennek a k\u00fcl\u00f6nleges napnak, ahol a hazai e-kereskedelem meghat\u00e1roz\u00f3 szerepl\u0151i gy\u0171lnek \u00f6ssze!<\/p><\/div>\r\n        <\/div>\r\n    <\/div>\r\n        <\/div>\r\n            <div class=\"col-md-6 col-xs-12 inline-col feed-item\">\r\n            <div class=\"clearfix\">\r\n        <div class=\"img\">\r\n            <a  href=\"https:\/\/kemkik.positive.hu\/hirek\/adovaltozasok-2026-prezentaciok\" tabindex=\"-1\">\r\n                <img class=\"img-responsive img-center\" src=\"\/uploads\/feed_items\/small-calculator-1280-17709710152137.jpg\" alt=\"Ad\u00f3v\u00e1ltoz\u00e1sok 2026.  - prezent\u00e1ci\u00f3k\">\r\n            <\/a>\r\n        <\/div>\r\n        <div class=\"info\">\r\n            <div class=\"title\"><a  href=\"https:\/\/kemkik.positive.hu\/hirek\/adovaltozasok-2026-prezentaciok\">Ad\u00f3v\u00e1ltoz\u00e1sok 2026.  - prezent\u00e1ci\u00f3k<\/a><\/div>\r\n                            <ul class=\"categories\">\r\n                                            <li><a style=\"background: #395f06; color: #ffffff\" href=\"https:\/\/kemkik.positive.hu\/hirek\/rendezvenyek-dokumentumai\">El\u0151ad\u00e1sok &amp; vide\u00f3k<\/a><\/li>\r\n                                        <li><span class=\"public-at\">2026. febru\u00e1r 13.<\/span><\/li>\r\n                <\/ul>\r\n                        <div class=\"desc\"><p style=\"text-align:justify\">A Kom\u00e1rom-Esztergom V\u00e1rmegyei Kereskedelmi \u00e9s Iparkamara \u00e9s&nbsp;a Nemzeti Ad\u00f3- \u00e9s V\u00e1mhivatal Kom\u00e1rom-Esztergom V\u00e1rmegyei Ad\u00f3- \u00e9s V\u00e1migazgat\u00f3s\u00e1ga Ad\u00f3v\u00e1ltoz\u00e1sok 2026. c. rendezv\u00e9ny\u00e9nek prezent\u00e1ci\u00f3i.<\/p><\/div>\r\n        <\/div>\r\n    <\/div>\r\n        <\/div>\r\n            <div class=\"col-md-6 col-xs-12 inline-col feed-item\">\r\n            <div class=\"clearfix\">\r\n        <div class=\"img\">\r\n            <a  href=\"https:\/\/kemkik.positive.hu\/hirek\/kkv-kapacitasbovito-tamogatas-30-program\" tabindex=\"-1\">\r\n                <img class=\"img-responsive img-center\" src=\"\/uploads\/feed_items\/small-businesspeople-meeting-indoors-1-17706269646913.jpg\" alt=\"\u201eKKV kapacit\u00e1sb\u0151v\u00edt\u0151 t\u00e1mogat\u00e1s 3.0\u201d program\">\r\n            <\/a>\r\n        <\/div>\r\n        <div class=\"info\">\r\n            <div class=\"title\"><a  href=\"https:\/\/kemkik.positive.hu\/hirek\/kkv-kapacitasbovito-tamogatas-30-program\">\u201eKKV kapacit\u00e1sb\u0151v\u00edt\u0151 t\u00e1mogat\u00e1s 3.0\u201d program<\/a><\/div>\r\n                            <ul class=\"categories\">\r\n                                            <li><a style=\"background: #8b3b0d; color: #ffffff\" href=\"https:\/\/kemkik.positive.hu\/hirek\/palyazatok\">P\u00e1ly\u00e1zatok<\/a><\/li>\r\n                                        <li><span class=\"public-at\">2026. febru\u00e1r 09.<\/span><\/li>\r\n                <\/ul>\r\n                        <div class=\"desc\"><p style=\"text-align:justify\">Czomba S\u00e1ndor, az NGM&nbsp;foglalkoztat\u00e1spolitik\u00e1\u00e9rt felel\u0151s \u00e1llamtitk\u00e1ra&nbsp;jelentette be, hogy&nbsp;p\u00e1ly\u00e1zatot ind\u00edt a&nbsp;<em>\u201eKKV kapacit\u00e1sb\u0151v\u00edt\u0151 t\u00e1mogat\u00e1s 3.0\u201d<\/em>&nbsp;program n\u00e9ven. A t\u00e1mogat\u00e1s c\u00e9lja els\u0151dlegesen, hogy a hazai KK-k&nbsp;a b\u00e9rt\u00e1mogat\u00e1s \u00e9s az eszk\u00f6zbeszerz\u00e9s r\u00e9v\u00e9n b\u0151v\u00edthess\u00e9k a foglalkoztat\u00e1si l\u00e9tsz\u00e1mukat, jav\u00edthass\u00e1k a versenyk\u00e9pess\u00e9g\u00fcket, \u00e9s megk\u00f6nny\u00edts\u00e9k a z\u00f6ld \u00e9s a digit\u00e1lis \u00e1t\u00e1ll\u00e1s okozta kih\u00edv\u00e1sokhoz val\u00f3 alkalmazkod\u00e1st.<\/p><\/div>\r\n        <\/div>\r\n    <\/div>\r\n        <\/div>\r\n            <div class=\"col-md-6 col-xs-12 inline-col feed-item\">\r\n            <div class=\"clearfix\">\r\n        <div class=\"img\">\r\n            <a  href=\"https:\/\/kemkik.positive.hu\/hirek\/tamogatott-mesterkepzeseink-2026-ban-is-elerhetoek\" tabindex=\"-1\">\r\n                <img class=\"img-responsive img-center\" src=\"\/uploads\/feed_items\/small-1207mesteravato2025foto4-1770287301435.jpg\" alt=\"T\u00e1mogatott mesterk\u00e9pz\u00e9seink 2026-ban is el\u00e9rhet\u0151ek\">\r\n            <\/a>\r\n        <\/div>\r\n        <div class=\"info\">\r\n            <div class=\"title\"><a  href=\"https:\/\/kemkik.positive.hu\/hirek\/tamogatott-mesterkepzeseink-2026-ban-is-elerhetoek\">T\u00e1mogatott mesterk\u00e9pz\u00e9seink 2026-ban is el\u00e9rhet\u0151ek<\/a><\/div>\r\n                            <ul class=\"categories\">\r\n                                            <li><a style=\"background: #9b0c8d; color: #ffffff\" href=\"https:\/\/kemkik.positive.hu\/hirek\/szakkepzesi-hirek\">Szakk\u00e9pz\u00e9si h\u00edrek<\/a><\/li>\r\n                                        <li><span class=\"public-at\">2026. febru\u00e1r 05.<\/span><\/li>\r\n                <\/ul>\r\n                        <div class=\"desc\"><p style=\"text-align:justify\"><strong>A Kom\u00e1rom-Esztergom V\u00e1rmegyei Kereskedelmi \u00e9s Iparkamara 20 \u00e9ve biztos\u00edt t\u00e1mogatott mesterk\u00e9pz\u00e9seket a szakm\u00e1jukban fejl\u0151dni k\u00edv\u00e1n\u00f3 szakemberek sz\u00e1m\u00e1ra.<\/strong><em>&nbsp;<\/em>2026. szeptember\u00e9ben tervez\u00fcnk mesterk\u00e9pz\u00e9st ind\u00edtani azokban a szakm\u00e1kban, amelyekben a jelentkez\u0151k l\u00e9tsz\u00e1ma el\u00e9ri a min. 6 f\u0151t.<\/p><\/div>\r\n        <\/div>\r\n    <\/div>\r\n        <\/div>\r\n            <div class=\"col-md-6 col-xs-12 inline-col feed-item\">\r\n            <div class=\"clearfix\">\r\n        <div class=\"img\">\r\n            <a  href=\"https:\/\/kemkik.positive.hu\/hirek\/szakmazz-velunk-2026-haromfordulos-szakmaismereti-vetelkedo\" tabindex=\"-1\">\r\n                <img class=\"img-responsive img-center\" src=\"\/uploads\/feed_items\/small-szakmazz-veluenk-cimlap-2026-17702774144884.png\" alt=\"Szakm\u00e1zz vel\u00fcnk 2026 - h\u00e1romfordul\u00f3s szakmaismereti vet\u00e9lked\u0151\">\r\n            <\/a>\r\n        <\/div>\r\n        <div class=\"info\">\r\n            <div class=\"title\"><a  href=\"https:\/\/kemkik.positive.hu\/hirek\/szakmazz-velunk-2026-haromfordulos-szakmaismereti-vetelkedo\">Szakm\u00e1zz vel\u00fcnk 2026 - h\u00e1romfordul\u00f3s szakmaismereti vet\u00e9lked\u0151<\/a><\/div>\r\n                            <ul class=\"categories\">\r\n                                            <li><a style=\"background: #9b0c8d; color: #ffffff\" href=\"https:\/\/kemkik.positive.hu\/hirek\/szakkepzesi-hirek\">Szakk\u00e9pz\u00e9si h\u00edrek<\/a><\/li>\r\n                                        <li><span class=\"public-at\">2026. febru\u00e1r 05.<\/span><\/li>\r\n                <\/ul>\r\n                        <div class=\"desc\"><p style=\"text-align:justify\">A Kom\u00e1rom-Esztergom V\u00e1rmegyei Kereskedelmi \u00e9s Iparkamara 2026-ban ism\u00e9t meghirdeti a h\u00e1romfordul\u00f3s <em>SZAKMAISMERETI VET\u00c9LKED\u0150T&nbsp;<\/em>6-7. oszt\u00e1lyos tanul\u00f3k r\u00e9sz\u00e9re&nbsp;SZAKM\u00c1ZZ VEL\u00dcNK! c\u00edmmel.<\/p><\/div>\r\n        <\/div>\r\n    <\/div>\r\n        <\/div>\r\n            <div class=\"col-md-6 col-xs-12 inline-col feed-item\">\r\n            <div class=\"clearfix\">\r\n        <div class=\"img\">\r\n            <a  href=\"https:\/\/kemkik.positive.hu\/hirek\/adovaltozasok-2026-online-rendezveny\" tabindex=\"-1\">\r\n                <img class=\"img-responsive img-center\" src=\"\/uploads\/feed_items\/small-coins-nagyobb-17701118304977.jpg\" alt=\"Ad\u00f3v\u00e1ltoz\u00e1sok 2026.  - online rendezv\u00e9ny\">\r\n            <\/a>\r\n        <\/div>\r\n        <div class=\"info\">\r\n            <div class=\"title\"><a  href=\"https:\/\/kemkik.positive.hu\/hirek\/adovaltozasok-2026-online-rendezveny\">Ad\u00f3v\u00e1ltoz\u00e1sok 2026.  - online rendezv\u00e9ny<\/a><\/div>\r\n                            <ul class=\"categories\">\r\n                                            <li><a style=\"background: #475732; color: #ffffff\" href=\"https:\/\/kemkik.positive.hu\/hirek\/rendezvenyek\">Rendezv\u00e9nyek<\/a><\/li>\r\n                                        <li><span class=\"public-at\">2026. febru\u00e1r 03.<\/span><\/li>\r\n                <\/ul>\r\n                        <div class=\"desc\"><p style=\"text-align:justify\">Az \u00faj&nbsp;\u00e9v \u00faj ad\u00f3v\u00e1ltoz\u00e1sokat&nbsp;is jelent&nbsp;a hazai v\u00e1llalkoz\u00e1sok sz\u00e1m\u00e1ra.&nbsp;A Kom\u00e1rom-Esztergom V\u00e1rmegyei Kereskedelmi \u00e9s Iparkamara \u00e9s&nbsp;a Nemzeti Ad\u00f3- \u00e9s V\u00e1mhivatal Kom\u00e1rom-Esztergom V\u00e1rmegyei Ad\u00f3- \u00e9s V\u00e1migazgat\u00f3s\u00e1ga tisztelettel megh\u00edvja \u00d6nt hagyom\u00e1nyos&nbsp;\u00e9v eleji,<\/p><\/div>\r\n        <\/div>\r\n    <\/div>\r\n        <\/div>\r\n            <div class=\"col-md-6 col-xs-12 inline-col feed-item\">\r\n            <div class=\"clearfix\">\r\n        <div class=\"img\">\r\n            <a  href=\"https:\/\/kemkik.positive.hu\/hirek\/aktualis-roman-horvat-hirek-es-tenderek-2026-januar-28\" tabindex=\"-1\">\r\n                <img class=\"img-responsive img-center\" src=\"\/uploads\/feed_items\/small-rumania-1920-17696818933214.jpg\" alt=\"Aktu\u00e1lis rom\u00e1n, horv\u00e1t h\u00edrek \u00e9s tenderek - 2026. janu\u00e1r\">\r\n            <\/a>\r\n        <\/div>\r\n        <div class=\"info\">\r\n            <div class=\"title\"><a  href=\"https:\/\/kemkik.positive.hu\/hirek\/aktualis-roman-horvat-hirek-es-tenderek-2026-januar-28\">Aktu\u00e1lis rom\u00e1n, horv\u00e1t h\u00edrek \u00e9s tenderek - 2026. janu\u00e1r<\/a><\/div>\r\n                            <ul class=\"categories\">\r\n                                            <li><a style=\"background: #5123b3; color: #ffffff\" href=\"https:\/\/kemkik.positive.hu\/hirek\/kulgazdasagi-hirek\">K\u00fclgazdas\u00e1gi h\u00edrek<\/a><\/li>\r\n                                        <li><span class=\"public-at\">2026. janu\u00e1r 29.<\/span><\/li>\r\n                <\/ul>\r\n                        <div class=\"desc\"><p>Aktu\u00e1lis rom\u00e1n gazdas\u00e1gi h\u00edr\u00f6sszefoglal\u00f3k, k\u00f6zbeszerz\u00e9si felh\u00edv\u00e1sok&nbsp;\u00e9s tendereket.<\/p><\/div>\r\n        <\/div>\r\n    <\/div>\r\n        <\/div>\r\n            <div class=\"col-md-6 col-xs-12 inline-col feed-item\">\r\n            <div class=\"clearfix\">\r\n        <div class=\"img\">\r\n            <a  href=\"https:\/\/kemkik.positive.hu\/hirek\/francia-cegek-magyarorszagi-beszallito-partnereket-keresnek\" tabindex=\"-1\">\r\n                <img class=\"img-responsive img-center\" src=\"\/uploads\/feed_items\/small-friendship-1920-17696814105501.png\" alt=\"Francia c\u00e9gek magyarorsz\u00e1gi besz\u00e1ll\u00edt\u00f3 partnereket keresnek\">\r\n            <\/a>\r\n        <\/div>\r\n        <div class=\"info\">\r\n            <div class=\"title\"><a  href=\"https:\/\/kemkik.positive.hu\/hirek\/francia-cegek-magyarorszagi-beszallito-partnereket-keresnek\">Francia c\u00e9gek magyarorsz\u00e1gi besz\u00e1ll\u00edt\u00f3 partnereket keresnek<\/a><\/div>\r\n                            <ul class=\"categories\">\r\n                                            <li><a style=\"background: #5123b3; color: #ffffff\" href=\"https:\/\/kemkik.positive.hu\/hirek\/kulgazdasagi-hirek\">K\u00fclgazdas\u00e1gi h\u00edrek<\/a><\/li>\r\n                                        <li><span class=\"public-at\">2026. janu\u00e1r 29.<\/span><\/li>\r\n                <\/ul>\r\n                        <div class=\"desc\"><p>A Magyar-Francia Kereskedelmi \u00e9s Iparkamara&nbsp;k\u00f6zvet\u00edt\u00e9s\u00e9vel francia v\u00e1llalatok magyarorsz\u00e1gi besz\u00e1ll\u00edt\u00f3kat keresnek.<\/p><\/div>\r\n        <\/div>\r\n    <\/div>\r\n        <\/div>\r\n    <\/div>\r\n\r\n<ul class=\"pagination text-center\">\r\n                    <li class=\"left\"><a aria-label=\"El\u0151z\u0151\" href=\"https:\/\/kemkik.positive.hu\/api\/feeds\/page?page=4\" rel=\"nofollow\"><i aria-hidden=\"true\" class=\"icon icon-arrow-flat-left\"><\/i><\/a><\/li>\r\n        \r\n                    \r\n                                                                        <li><a href=\"https:\/\/kemkik.positive.hu\/api\/feeds\/page?page=1\" rel=\"nofollow\" aria-label=\"1. oldal bet\u00f6lt\u00e9se\">01<\/a><\/li>\r\n                                                                                <li><a href=\"https:\/\/kemkik.positive.hu\/api\/feeds\/page?page=2\" rel=\"nofollow\" aria-label=\"2. oldal bet\u00f6lt\u00e9se\">02<\/a><\/li>\r\n                                                                                <li><a href=\"https:\/\/kemkik.positive.hu\/api\/feeds\/page?page=3\" rel=\"nofollow\" aria-label=\"3. oldal bet\u00f6lt\u00e9se\">03<\/a><\/li>\r\n                                                                                <li><a href=\"https:\/\/kemkik.positive.hu\/api\/feeds\/page?page=4\" rel=\"nofollow\" aria-label=\"4. oldal bet\u00f6lt\u00e9se\">04<\/a><\/li>\r\n                                                                                <li class=\"active\" aria-label=\"5. oldal bet\u00f6lt\u00e9se\"><span>05<\/span><\/li>\r\n                                                                                <li><a href=\"https:\/\/kemkik.positive.hu\/api\/feeds\/page?page=6\" rel=\"nofollow\" aria-label=\"6. oldal bet\u00f6lt\u00e9se\">06<\/a><\/li>\r\n                                                                                <li><a href=\"https:\/\/kemkik.positive.hu\/api\/feeds\/page?page=7\" rel=\"nofollow\" aria-label=\"7. oldal bet\u00f6lt\u00e9se\">07<\/a><\/li>\r\n                                                                                <li><a href=\"https:\/\/kemkik.positive.hu\/api\/feeds\/page?page=8\" rel=\"nofollow\" aria-label=\"8. oldal bet\u00f6lt\u00e9se\">08<\/a><\/li>\r\n                                                                                    <li class=\"disabled\"><span>...<\/span><\/li>\r\n            \r\n                                \r\n                                                                        <li><a href=\"https:\/\/kemkik.positive.hu\/api\/feeds\/page?page=94\" rel=\"nofollow\" aria-label=\"94. oldal bet\u00f6lt\u00e9se\">94<\/a><\/li>\r\n                                                                                <li><a href=\"https:\/\/kemkik.positive.hu\/api\/feeds\/page?page=95\" rel=\"nofollow\" aria-label=\"95. oldal bet\u00f6lt\u00e9se\">95<\/a><\/li>\r\n                                                        \r\n                    <li class=\"right\"><a aria-label=\"K\u00f6vetkez\u0151\" href=\"https:\/\/kemkik.positive.hu\/api\/feeds\/page?page=6\" rel=\"nofollow\"><i aria-hidden=\"true\" class=\"icon icon-arrow-flat-right\"><\/i><\/a><\/li>\r\n            <\/ul>\r\n\r\n","page":"5"}