{"content":"<div class=\"row inline-row\">\r\n                <div class=\"col-md-6 col-xs-12 inline-col feed-item\">\r\n            <div class=\"clearfix\">\r\n        <div class=\"img\">\r\n            <a  href=\"https:\/\/kemkik.positive.hu\/hirek\/ugyfelfogadasi-szunet-a-kamaraban-2026-januar-10-en\" tabindex=\"-1\">\r\n                <img class=\"img-responsive img-center\" src=\"\/uploads\/feed_items\/small-exclamation-mark-1280-17679614235873.png\" alt=\"\u00dcgyf\u00e9lfogad\u00e1si sz\u00fcnet a kamar\u00e1ban 2026. janu\u00e1r 10-\u00e9n\">\r\n            <\/a>\r\n        <\/div>\r\n        <div class=\"info\">\r\n            <div class=\"title\"><a  href=\"https:\/\/kemkik.positive.hu\/hirek\/ugyfelfogadasi-szunet-a-kamaraban-2026-januar-10-en\">\u00dcgyf\u00e9lfogad\u00e1si sz\u00fcnet a kamar\u00e1ban 2026. janu\u00e1r 10-\u00e9n<\/a><\/div>\r\n                            <ul class=\"categories\">\r\n                                            <li><a style=\"background: #305f31; color: #ffffff\" href=\"https:\/\/kemkik.positive.hu\/hirek\/kemkik-hirek\">KEMKIK h\u00edrek<\/a><\/li>\r\n                                        <li><span class=\"public-at\">2026. janu\u00e1r 05.<\/span><\/li>\r\n                <\/ul>\r\n                        <div class=\"desc\"><p style=\"text-align:justify\">T\u00e1j\u00e9koztatjuk tisztelt \u00dcgyfeleinket, hogy a Kom\u00e1rom-Esztergom V\u00e1rmegyei Kereskedelmi \u00e9s Iparkamara&nbsp;irod\u00e1iban&nbsp;az \u00fcgyf\u00e9lfogad\u00e1s 2026. janu\u00e1r&nbsp;10-\u00e9n (szombaton)&nbsp;sz\u00fcnetel.&nbsp;<\/p>\r\n\r\n<p style=\"text-align:justify\">Meg\u00e9rt\u00e9s\u00fcket k\u00f6sz\u00f6nj\u00fck!&nbsp;V\u00e1rjuk \u00d6n\u00f6ket janu\u00e1r&nbsp;12-\u00e9n (h\u00e9tf\u0151n) 8.00-\u00f3r\u00e1t\u00f3l.<\/p><\/div>\r\n        <\/div>\r\n    <\/div>\r\n        <\/div>\r\n            <div class=\"col-md-6 col-xs-12 inline-col feed-item\">\r\n            <div class=\"clearfix\">\r\n        <div class=\"img\">\r\n            <a  href=\"https:\/\/kemkik.positive.hu\/hirek\/konyvelok-klubja-2026-bejegyzesi-kerelem\" tabindex=\"-1\">\r\n                <img class=\"img-responsive img-center\" src=\"\/uploads\/feed_items\/small-pexels-ollynagyobb-17661392996556.jpg\" alt=\"K\u00f6nyvel\u0151k Klubja 2026 - Bejegyz\u00e9si k\u00e9relem\">\r\n            <\/a>\r\n        <\/div>\r\n        <div class=\"info\">\r\n            <div class=\"title\"><a  href=\"https:\/\/kemkik.positive.hu\/hirek\/konyvelok-klubja-2026-bejegyzesi-kerelem\">K\u00f6nyvel\u0151k Klubja 2026 - Bejegyz\u00e9si k\u00e9relem<\/a><\/div>\r\n                            <ul class=\"categories\">\r\n                                            <li><a style=\"background: #305f31; color: #ffffff\" href=\"https:\/\/kemkik.positive.hu\/hirek\/kemkik-hirek\">KEMKIK h\u00edrek<\/a><\/li>\r\n                                        <li><span class=\"public-at\">2025. december 19.<\/span><\/li>\r\n                <\/ul>\r\n                        <div class=\"desc\"><p style=\"text-align:justify\">Huszon\u00f6t \u00e9ve sikeresen m\u0171k\u00f6dik legels\u0151 szakmai klubunk, a&nbsp;<strong>\"K\u00f6nyvel\u0151k Klubja\u201d 2026-ban<\/strong>&nbsp;is sz\u00edvesen&nbsp;is v\u00e1rja a jelentkez\u0151ket. 2026-ban is folytatjuk a konzult\u00e1ci\u00f3val egybek\u00f6t\u00f6tt aktu\u00e1lis t\u00e9mak\u00f6r\u00f6ket feldolgoz\u00f3 sz\u00e1mviteli programsorozatunkat. Tov\u00e1bbra is a tagok ig\u00e9nyei szerint form\u00e1ljuk a t\u00e1j\u00e9koztat\u00f3k tematik\u00e1j\u00e1t.<\/p><\/div>\r\n        <\/div>\r\n    <\/div>\r\n        <\/div>\r\n            <div class=\"col-md-6 col-xs-12 inline-col feed-item\">\r\n            <div class=\"clearfix\">\r\n        <div class=\"img\">\r\n            <a  href=\"https:\/\/kemkik.positive.hu\/hirek\/egymillio-forint-tamogatas-is-jarhat-januartol-a-kth-start-hitelek-melle-a-turisztikai-kisvallalkozasoknak\" tabindex=\"-1\">\r\n                <img class=\"img-responsive img-center\" src=\"\/uploads\/feed_items\/small-banner4-17660661827513.jpg\" alt=\"Egymilli\u00f3 forint t\u00e1mogat\u00e1s is j\u00e1rhat janu\u00e1rt\u00f3l a KTH Start hitelek mell\u00e9 a turisztikai kisv\u00e1llalkoz\u00e1soknak\">\r\n            <\/a>\r\n        <\/div>\r\n        <div class=\"info\">\r\n            <div class=\"title\"><a  href=\"https:\/\/kemkik.positive.hu\/hirek\/egymillio-forint-tamogatas-is-jarhat-januartol-a-kth-start-hitelek-melle-a-turisztikai-kisvallalkozasoknak\">Egymilli\u00f3 forint t\u00e1mogat\u00e1s is j\u00e1rhat janu\u00e1rt\u00f3l a KTH Start hitelek mell\u00e9 a turisztikai kisv\u00e1llalkoz\u00e1soknak<\/a><\/div>\r\n                            <ul class=\"categories\">\r\n                                            <li><a style=\"background: #8b3b0d; color: #ffffff\" href=\"https:\/\/kemkik.positive.hu\/hirek\/palyazatok\">P\u00e1ly\u00e1zatok<\/a><\/li>\r\n                                        <li><span class=\"public-at\">2025. december 18.<\/span><\/li>\r\n                <\/ul>\r\n                        <div class=\"desc\"><p style=\"text-align:justify\">A k\u00fcl\u00f6nleges, egyedi akci\u00f3 c\u00e9lja, hogy a legkisebb turisztikai szerepl\u0151k mellett a mikro-, kis- \u00e9s k\u00f6z\u00e9pv\u00e1llalkoz\u00e1sokat is gyorsan, kedvez\u0151 felt\u00e9telekkel, egyszer\u0171en juttassa finansz\u00edroz\u00e1shoz a&nbsp;<a href=\"https:\/\/kth.hu\/\">Kisfaludy Turisztikai Hitelk\u00f6zponton<\/a>&nbsp;(KTH) kereszt\u00fcl.&nbsp;<strong>A janu\u00e1ri ind\u00edt\u00e1s\u00fa 2=3 t\u00e1mogat\u00e1s+hitel program<\/strong>&nbsp;remek id\u0151z\u00edt\u00e9s\u0171, hiszen az \u00e9v eleje ide\u00e1lis a kisebb min\u0151s\u00e9gjav\u00edt\u00f3 fejleszt\u00e9sekhez \u2013 \u00edgy ezek a szerepl\u0151k versenyk\u00e9pesebb poz\u00edci\u00f3b\u00f3l indulhatnak a j\u00f6v\u0151 \u00e9vi f\u0151szezonban.<\/p><\/div>\r\n        <\/div>\r\n    <\/div>\r\n        <\/div>\r\n            <div class=\"col-md-6 col-xs-12 inline-col feed-item\">\r\n            <div class=\"clearfix\">\r\n        <div class=\"img\">\r\n            <a  href=\"https:\/\/kemkik.positive.hu\/hirek\/europai-szemeszter-2026-az-unios-versenykepesseg-erositesenek-fo-uzenetei\" tabindex=\"-1\">\r\n                <img class=\"img-responsive img-center\" src=\"\/uploads\/feed_items\/small-europai-bizottsag-europai-unio-17660647051941.jpg\" alt=\"Eur\u00f3pai szemeszter 2026 \u2013 Az uni\u00f3s versenyk\u00e9pess\u00e9g er\u0151s\u00edt\u00e9s\u00e9nek f\u0151 \u00fczenetei\">\r\n            <\/a>\r\n        <\/div>\r\n        <div class=\"info\">\r\n            <div class=\"title\"><a  href=\"https:\/\/kemkik.positive.hu\/hirek\/europai-szemeszter-2026-az-unios-versenykepesseg-erositesenek-fo-uzenetei\">Eur\u00f3pai szemeszter 2026 \u2013 Az uni\u00f3s versenyk\u00e9pess\u00e9g er\u0151s\u00edt\u00e9s\u00e9nek f\u0151 \u00fczenetei<\/a><\/div>\r\n                            <ul class=\"categories\">\r\n                                            <li><a style=\"background: #415d19; color: #ffffff\" href=\"https:\/\/kemkik.positive.hu\/hirek\/europe-direct-hirek\">Europe Direct h\u00edrek<\/a><\/li>\r\n                                        <li><span class=\"public-at\">2025. december 18.<\/span><\/li>\r\n                <\/ul>\r\n                        <div class=\"desc\"><p style=\"text-align:justify\"><strong>Az Eur\u00f3pai Bizotts\u00e1g elfogadta a&nbsp;<\/strong><a href=\"https:\/\/ec.europa.eu\/commission\/presscorner\/detail\/hu\/ip_25_2760\"><strong>2026. \u00e9vi eur\u00f3pai szemeszter \u0151szi<\/strong><\/a><strong>&nbsp;<\/strong><strong>csomagj\u00e1t<\/strong>, amely az EU gazdas\u00e1gi- \u00e9s foglalkoztat\u00e1spolitikai ir\u00e1nymutat\u00e1sainak alapj\u00e1t adja. A csomag a geopolitikai bizonytalans\u00e1gok k\u00f6zepette&nbsp;<strong>a termel\u00e9kenys\u00e9g, az innov\u00e1ci\u00f3 \u00e9s a beruh\u00e1z\u00e1sok \u00f6szt\u00f6nz\u00e9s\u00e9re, valamint a hum\u00e1n t\u0151ke fejleszt\u00e9s\u00e9re helyezi a hangs\u00falyt<\/strong>, \u00f6sszhangban a versenyk\u00e9pess\u00e9gi ir\u00e1nyt\u0171vel.<\/p>\r\n\r\n<p>&nbsp;<\/p><\/div>\r\n        <\/div>\r\n    <\/div>\r\n        <\/div>\r\n            <div class=\"col-md-6 col-xs-12 inline-col feed-item\">\r\n            <div class=\"clearfix\">\r\n        <div class=\"img\">\r\n            <a  href=\"https:\/\/kemkik.positive.hu\/hirek\/unnepi-ugyfelfogadasi-szunet-2025-decembereben-a-kamaraban\" tabindex=\"-1\">\r\n                <img class=\"img-responsive img-center\" src=\"\/uploads\/feed_items\/small-background-1920-17660614206261.jpg\" alt=\"\u00dcnnepi \u00fcgyf\u00e9lfogad\u00e1si sz\u00fcnet 2025. december\u00e9ben a kamar\u00e1ban\">\r\n            <\/a>\r\n        <\/div>\r\n        <div class=\"info\">\r\n            <div class=\"title\"><a  href=\"https:\/\/kemkik.positive.hu\/hirek\/unnepi-ugyfelfogadasi-szunet-2025-decembereben-a-kamaraban\">\u00dcnnepi \u00fcgyf\u00e9lfogad\u00e1si sz\u00fcnet 2025. december\u00e9ben a kamar\u00e1ban<\/a><\/div>\r\n                            <ul class=\"categories\">\r\n                                            <li><a style=\"background: #305f31; color: #ffffff\" href=\"https:\/\/kemkik.positive.hu\/hirek\/kemkik-hirek\">KEMKIK h\u00edrek<\/a><\/li>\r\n                                        <li><span class=\"public-at\">2025. december 18.<\/span><\/li>\r\n                <\/ul>\r\n                        <div class=\"desc\"><p style=\"text-align:justify\">T\u00e1j\u00e9koztatjuk tisztelt \u00dcgyfeleinket, hogy a KEMKIK irod\u00e1i 2025. december 22. \u00e9s&nbsp;2026. janu\u00e1r 5. k\u00f6z\u00f6tt&nbsp;z\u00e1rva tartanak.<\/p>\r\n\r\n<p style=\"text-align:justify\">2026. \u00e9v els\u0151 \u00fcgyf\u00e9lszolg\u00e1lati napja: 2026. janu\u00e1r 5. (h\u00e9tf\u0151) 8.00 \u00f3ra.<\/p>\r\n\r\n<p style=\"text-align:justify\"><strong>Minden kedves \u00dcgyfel\u00fcnknek \u00e1ldott, b\u00e9k\u00e9s kar\u00e1csonyi \u00fcnnepeket \u00e9s boldog \u00faj esztend\u0151t k\u00edv\u00e1n a Kom\u00e1rom-Esztergom V\u00e1rmegyei Kereskedelmi \u00e9s Iparkamara!<\/strong><\/p><\/div>\r\n        <\/div>\r\n    <\/div>\r\n        <\/div>\r\n            <div class=\"col-md-6 col-xs-12 inline-col feed-item\">\r\n            <div class=\"clearfix\">\r\n        <div class=\"img\">\r\n            <a  href=\"https:\/\/kemkik.positive.hu\/hirek\/kamarai-akademia-penzugyi-tudatossag\" tabindex=\"-1\">\r\n                <img class=\"img-responsive img-center\" src=\"\/uploads\/feed_items\/small-coins-1920-1-17658895352246.jpg\" alt=\"Kamarai Akad\u00e9mia: P\u00e9nz\u00fcgyi tudatoss\u00e1g\">\r\n            <\/a>\r\n        <\/div>\r\n        <div class=\"info\">\r\n            <div class=\"title\"><a  href=\"https:\/\/kemkik.positive.hu\/hirek\/kamarai-akademia-penzugyi-tudatossag\">Kamarai Akad\u00e9mia: P\u00e9nz\u00fcgyi tudatoss\u00e1g<\/a><\/div>\r\n                            <ul class=\"categories\">\r\n                                            <li><a style=\"background: #395f06; color: #ffffff\" href=\"https:\/\/kemkik.positive.hu\/hirek\/rendezvenyek-dokumentumai\">El\u0151ad\u00e1sok &amp; vide\u00f3k<\/a><\/li>\r\n                                        <li><span class=\"public-at\">2025. december 16.<\/span><\/li>\r\n                <\/ul>\r\n                        <div class=\"desc\"><p style=\"text-align:justify\">A Kom\u00e1rom-Esztergom V\u00e1rmegyei Kereskedelmi \u00e9s Iparkamara&nbsp; \"P\u00e9nz\u00fcgyi tudatoss\u00e1g\"&nbsp;c.&nbsp;rendezv\u00e9ny\u00e9nek prezent\u00e1ci\u00f3ja.<\/p>\r\n\r\n<p>&nbsp;<\/p><\/div>\r\n        <\/div>\r\n    <\/div>\r\n        <\/div>\r\n            <div class=\"col-md-6 col-xs-12 inline-col feed-item\">\r\n            <div class=\"clearfix\">\r\n        <div class=\"img\">\r\n            <a  href=\"https:\/\/kemkik.positive.hu\/hirek\/kamarai-akademia-vallalkozoi-alapok-es-attitud\" tabindex=\"-1\">\r\n                <img class=\"img-responsive img-center\" src=\"\/uploads\/feed_items\/small-entrepreneur-1920-17658836843392.jpg\" alt=\"Kamarai Akad\u00e9mia: V\u00e1llalkoz\u00f3i alapok \u00e9s attit\u0171d\">\r\n            <\/a>\r\n        <\/div>\r\n        <div class=\"info\">\r\n            <div class=\"title\"><a  href=\"https:\/\/kemkik.positive.hu\/hirek\/kamarai-akademia-vallalkozoi-alapok-es-attitud\">Kamarai Akad\u00e9mia: V\u00e1llalkoz\u00f3i alapok \u00e9s attit\u0171d<\/a><\/div>\r\n                            <ul class=\"categories\">\r\n                                            <li><a style=\"background: #395f06; color: #ffffff\" href=\"https:\/\/kemkik.positive.hu\/hirek\/rendezvenyek-dokumentumai\">El\u0151ad\u00e1sok &amp; vide\u00f3k<\/a><\/li>\r\n                                        <li><span class=\"public-at\">2025. december 16.<\/span><\/li>\r\n                <\/ul>\r\n                        <div class=\"desc\"><p style=\"text-align:justify\">A Kom\u00e1rom-Esztergom V\u00e1rmegyei Kereskedelmi \u00e9s Iparkamara \"V\u00e1llalkoz\u00f3i alapok \u00e9s attit\u0171d\"&nbsp;c.&nbsp;rendezv\u00e9ny\u00e9nek prezent\u00e1ci\u00f3ja \u00e9s felv\u00e9tele.&nbsp;<\/p><\/div>\r\n        <\/div>\r\n    <\/div>\r\n        <\/div>\r\n            <div class=\"col-md-6 col-xs-12 inline-col feed-item\">\r\n            <div class=\"clearfix\">\r\n        <div class=\"img\">\r\n            <a  href=\"https:\/\/kemkik.positive.hu\/hirek\/kamarai-akademia-vallalkozas-mukodese\" tabindex=\"-1\">\r\n                <img class=\"img-responsive img-center\" src=\"\/uploads\/feed_items\/small-concept-1920-17658831580556.jpg\" alt=\"Kamarai Akad\u00e9mia: V\u00e1llalkoz\u00e1s m\u0171k\u00f6d\u00e9se\">\r\n            <\/a>\r\n        <\/div>\r\n        <div class=\"info\">\r\n            <div class=\"title\"><a  href=\"https:\/\/kemkik.positive.hu\/hirek\/kamarai-akademia-vallalkozas-mukodese\">Kamarai Akad\u00e9mia: V\u00e1llalkoz\u00e1s m\u0171k\u00f6d\u00e9se<\/a><\/div>\r\n                            <ul class=\"categories\">\r\n                                            <li><a style=\"background: #395f06; color: #ffffff\" href=\"https:\/\/kemkik.positive.hu\/hirek\/rendezvenyek-dokumentumai\">El\u0151ad\u00e1sok &amp; vide\u00f3k<\/a><\/li>\r\n                                        <li><span class=\"public-at\">2025. december 16.<\/span><\/li>\r\n                <\/ul>\r\n                        <div class=\"desc\"><p style=\"text-align:justify\">A Kom\u00e1rom-Esztergom V\u00e1rmegyei Kereskedelmi \u00e9s Iparkamara&nbsp;\"V\u00e1llalkoz\u00e1s m\u0171k\u00f6d\u00e9se\"&nbsp;c.&nbsp;rendezv\u00e9ny\u00e9nek prezent\u00e1ci\u00f3ja \u00e9s felv\u00e9tele.<\/p><\/div>\r\n        <\/div>\r\n    <\/div>\r\n        <\/div>\r\n    <\/div>\r\n\r\n<ul class=\"pagination text-center\">\r\n                    <li class=\"left\"><a aria-label=\"El\u0151z\u0151\" href=\"https:\/\/kemkik.positive.hu\/api\/feeds\/page?page=6\" rel=\"nofollow\"><i aria-hidden=\"true\" class=\"icon icon-arrow-flat-left\"><\/i><\/a><\/li>\r\n        \r\n                    \r\n                                                                        <li><a href=\"https:\/\/kemkik.positive.hu\/api\/feeds\/page?page=1\" rel=\"nofollow\" aria-label=\"1. oldal bet\u00f6lt\u00e9se\">01<\/a><\/li>\r\n                                                                                <li><a href=\"https:\/\/kemkik.positive.hu\/api\/feeds\/page?page=2\" rel=\"nofollow\" aria-label=\"2. oldal bet\u00f6lt\u00e9se\">02<\/a><\/li>\r\n                                                                                    <li class=\"disabled\"><span>...<\/span><\/li>\r\n            \r\n                                \r\n                                                                        <li><a href=\"https:\/\/kemkik.positive.hu\/api\/feeds\/page?page=4\" rel=\"nofollow\" aria-label=\"4. oldal bet\u00f6lt\u00e9se\">04<\/a><\/li>\r\n                                                                                <li><a href=\"https:\/\/kemkik.positive.hu\/api\/feeds\/page?page=5\" rel=\"nofollow\" aria-label=\"5. oldal bet\u00f6lt\u00e9se\">05<\/a><\/li>\r\n                                                                                <li><a href=\"https:\/\/kemkik.positive.hu\/api\/feeds\/page?page=6\" rel=\"nofollow\" aria-label=\"6. oldal bet\u00f6lt\u00e9se\">06<\/a><\/li>\r\n                                                                                <li class=\"active\" aria-label=\"7. oldal bet\u00f6lt\u00e9se\"><span>07<\/span><\/li>\r\n                                                                                <li><a href=\"https:\/\/kemkik.positive.hu\/api\/feeds\/page?page=8\" rel=\"nofollow\" aria-label=\"8. oldal bet\u00f6lt\u00e9se\">08<\/a><\/li>\r\n                                                                                <li><a href=\"https:\/\/kemkik.positive.hu\/api\/feeds\/page?page=9\" rel=\"nofollow\" aria-label=\"9. oldal bet\u00f6lt\u00e9se\">09<\/a><\/li>\r\n                                                                                <li><a href=\"https:\/\/kemkik.positive.hu\/api\/feeds\/page?page=10\" rel=\"nofollow\" aria-label=\"10. oldal bet\u00f6lt\u00e9se\">10<\/a><\/li>\r\n                                                                                    <li class=\"disabled\"><span>...<\/span><\/li>\r\n            \r\n                                \r\n                                                                        <li><a href=\"https:\/\/kemkik.positive.hu\/api\/feeds\/page?page=94\" rel=\"nofollow\" aria-label=\"94. oldal bet\u00f6lt\u00e9se\">94<\/a><\/li>\r\n                                                                                <li><a href=\"https:\/\/kemkik.positive.hu\/api\/feeds\/page?page=95\" rel=\"nofollow\" aria-label=\"95. oldal bet\u00f6lt\u00e9se\">95<\/a><\/li>\r\n                                                        \r\n                    <li class=\"right\"><a aria-label=\"K\u00f6vetkez\u0151\" href=\"https:\/\/kemkik.positive.hu\/api\/feeds\/page?page=8\" rel=\"nofollow\"><i aria-hidden=\"true\" class=\"icon icon-arrow-flat-right\"><\/i><\/a><\/li>\r\n            <\/ul>\r\n\r\n","page":"7"}