{"content":"<div class=\"row inline-row\">\r\n                <div class=\"col-md-6 col-xs-12 inline-col feed-item\">\r\n            <div class=\"clearfix\">\r\n        <div class=\"img\">\r\n            <a  href=\"https:\/\/kemkik.positive.hu\/hirek\/kamarai-akademia-penzugyi-lehetosegek-es-forrasok-vallalkozoknak\" tabindex=\"-1\">\r\n                <img class=\"img-responsive img-center\" src=\"\/uploads\/feed_items\/small-moneybag-1920-17658824468032.jpg\" alt=\"Kamarai Akad\u00e9mia: P\u00e9nz\u00fcgyi lehet\u0151s\u00e9gek \u00e9s forr\u00e1sok v\u00e1llalkoz\u00f3knak\">\r\n            <\/a>\r\n        <\/div>\r\n        <div class=\"info\">\r\n            <div class=\"title\"><a  href=\"https:\/\/kemkik.positive.hu\/hirek\/kamarai-akademia-penzugyi-lehetosegek-es-forrasok-vallalkozoknak\">Kamarai Akad\u00e9mia: P\u00e9nz\u00fcgyi lehet\u0151s\u00e9gek \u00e9s forr\u00e1sok v\u00e1llalkoz\u00f3knak<\/a><\/div>\r\n                            <ul class=\"categories\">\r\n                                            <li><a style=\"background: #395f06; color: #ffffff\" href=\"https:\/\/kemkik.positive.hu\/hirek\/rendezvenyek-dokumentumai\">El\u0151ad\u00e1sok &amp; vide\u00f3k<\/a><\/li>\r\n                                        <li><span class=\"public-at\">2025. december 16.<\/span><\/li>\r\n                <\/ul>\r\n                        <div class=\"desc\"><p style=\"text-align:justify\">A Kom\u00e1rom-Esztergom V\u00e1rmegyei Kereskedelmi \u00e9s Iparkamara&nbsp;\"P\u00e9nz\u00fcgyi lehet\u0151s\u00e9gek \u00e9s forr\u00e1sok v\u00e1llalkoz\u00f3knak\"&nbsp;c.&nbsp;rendezv\u00e9ny\u00e9nek prezent\u00e1ci\u00f3ja \u00e9s felv\u00e9tele.<\/p><\/div>\r\n        <\/div>\r\n    <\/div>\r\n        <\/div>\r\n            <div class=\"col-md-6 col-xs-12 inline-col feed-item\">\r\n            <div class=\"clearfix\">\r\n        <div class=\"img\">\r\n            <a  href=\"https:\/\/kemkik.positive.hu\/hirek\/mestereket-avatott-a-kamara-2025-december-5-en-esztergomban\" tabindex=\"-1\">\r\n                <img class=\"img-responsive img-center\" src=\"\/uploads\/feed_items\/small-1207mesteravato2025foto4-17657858516865.jpg\" alt=\"Mestereket avatott a kamara 2025. december 5-\u00e9n Esztergomban\">\r\n            <\/a>\r\n        <\/div>\r\n        <div class=\"info\">\r\n            <div class=\"title\"><a  href=\"https:\/\/kemkik.positive.hu\/hirek\/mestereket-avatott-a-kamara-2025-december-5-en-esztergomban\">Mestereket avatott a kamara 2025. december 5-\u00e9n Esztergomban<\/a><\/div>\r\n                            <ul class=\"categories\">\r\n                                            <li><a style=\"background: #305f31; color: #ffffff\" href=\"https:\/\/kemkik.positive.hu\/hirek\/kemkik-hirek\">KEMKIK h\u00edrek<\/a><\/li>\r\n                                        <li><span class=\"public-at\">2025. december 10.<\/span><\/li>\r\n                <\/ul>\r\n                        <div class=\"desc\"><p style=\"text-align:justify\">A c\u00e9hes hagyom\u00e1nyok szerinti, \u00fcnnep\u00e9lyes mesteravat\u00f3t tartott Esztergomban a Kom\u00e1rom-Esztergom V\u00e1rmegyei Kereskedelmi \u00e9s Iparkamara. A Szent Adalbert K\u00f6zpontban rendezett \u00fcnneps\u00e9gen 4 szakma k\u00e9pvisel\u0151jek\u00e9nt 25 mester vette \u00e1t oklevel\u00e9t.<\/p><\/div>\r\n        <\/div>\r\n    <\/div>\r\n        <\/div>\r\n            <div class=\"col-md-6 col-xs-12 inline-col feed-item\">\r\n            <div class=\"clearfix\">\r\n        <div class=\"img\">\r\n            <a  href=\"https:\/\/kemkik.positive.hu\/hirek\/szakmai-osszefogas-a-kez-es-labapolok-kozott-a-kamara-szervezeseben\" tabindex=\"-1\">\r\n                <img class=\"img-responsive img-center\" src=\"\/uploads\/feed_items\/small-5895429277447-n-17647557145961.jpg\" alt=\"Szakmai \u00f6sszefog\u00e1s a k\u00e9z- \u00e9s l\u00e1b\u00e1pol\u00f3k k\u00f6z\u00f6tt a kamara szervez\u00e9s\u00e9ben\">\r\n            <\/a>\r\n        <\/div>\r\n        <div class=\"info\">\r\n            <div class=\"title\"><a  href=\"https:\/\/kemkik.positive.hu\/hirek\/szakmai-osszefogas-a-kez-es-labapolok-kozott-a-kamara-szervezeseben\">Szakmai \u00f6sszefog\u00e1s a k\u00e9z- \u00e9s l\u00e1b\u00e1pol\u00f3k k\u00f6z\u00f6tt a kamara szervez\u00e9s\u00e9ben<\/a><\/div>\r\n                            <ul class=\"categories\">\r\n                                            <li><a style=\"background: #305f31; color: #ffffff\" href=\"https:\/\/kemkik.positive.hu\/hirek\/kemkik-hirek\">KEMKIK h\u00edrek<\/a><\/li>\r\n                                        <li><span class=\"public-at\">2025. december 03.<\/span><\/li>\r\n                <\/ul>\r\n                        <div class=\"desc\"><p style=\"text-align:justify\">A Kom\u00e1rom-Esztergom V\u00e1rmegyei Kereskedelmi \u00e9s Iparkamara Esztergom&nbsp;t\u00e9rs\u00e9gi k\u00f6zpontj\u00e1ban 2025. november 28-\u00e1n ker\u00fclt megrendez\u00e9sre&nbsp;a&nbsp;\"K\u00e9z- \u00e9s l\u00e1b\u00e1pol\u00f3 szakmai nap\"&nbsp;ahol a fejl\u0151d\u00e9s, a min\u0151s\u00e9g \u00e9s az egy\u00fcttm\u0171k\u00f6d\u00e9s ker\u00fclt a k\u00f6z\u00e9ppontba.<\/p><\/div>\r\n        <\/div>\r\n    <\/div>\r\n        <\/div>\r\n            <div class=\"col-md-6 col-xs-12 inline-col feed-item\">\r\n            <div class=\"clearfix\">\r\n        <div class=\"img\">\r\n            <a  href=\"https:\/\/kemkik.positive.hu\/hirek\/elkeszult-az-mkik-adovaltozasokrol-szolo-vallalkozoi-tajekoztatoja\" tabindex=\"-1\">\r\n                <img class=\"img-responsive img-center\" src=\"\/uploads\/feed_items\/small-statistics-1920-17647517169058.png\" alt=\"Elk\u00e9sz\u00fclt az MKIK Ad\u00f3v\u00e1ltoz\u00e1sokr\u00f3l sz\u00f3l\u00f3 v\u00e1llalkoz\u00f3i t\u00e1j\u00e9koztat\u00f3ja\">\r\n            <\/a>\r\n        <\/div>\r\n        <div class=\"info\">\r\n            <div class=\"title\"><a  href=\"https:\/\/kemkik.positive.hu\/hirek\/elkeszult-az-mkik-adovaltozasokrol-szolo-vallalkozoi-tajekoztatoja\">Elk\u00e9sz\u00fclt az MKIK Ad\u00f3v\u00e1ltoz\u00e1sokr\u00f3l sz\u00f3l\u00f3 v\u00e1llalkoz\u00f3i t\u00e1j\u00e9koztat\u00f3ja<\/a><\/div>\r\n                            <ul class=\"categories\">\r\n                                            <li><a style=\"background: #535667; color: #ffffff\" href=\"https:\/\/kemkik.positive.hu\/hirek\/gazdasag\">Gazdas\u00e1g<\/a><\/li>\r\n                                        <li><span class=\"public-at\">2025. december 03.<\/span><\/li>\r\n                <\/ul>\r\n                        <div class=\"desc\"><p style=\"text-align:justify\">A 2025-\u00f6s \u00e9v a magyar v\u00e1llalkoz\u00e1sok sz\u00e1m\u00e1ra jelent\u0151s fordul\u00f3pontot hozott: olyan \u00e1tfog\u00f3 ad\u00f3politikai int\u00e9zked\u00e9sek l\u00e9pnek \u00e9letbe, amelyek hossz\u00fa t\u00e1von alak\u00edthatj\u00e1k \u00e1t a hazai \u00fczleti k\u00f6rnyezetet. A korm\u00e1nyzat \u00e9s a Magyar Kereskedelmi \u00e9s Iparkamara (MKIK) k\u00f6z\u00f6tt l\u00e9trej\u00f6tt,&nbsp;<a href=\"https:\/\/mkik.hu\/hirek\/dontottek-a-parlamentben-csokkennek-a-vallalkozasok-adoterhei-magyar-nemzet\">tizenegy pontb\u00f3l \u00e1ll\u00f3 meg\u00e1llapod\u00e1s<\/a>&nbsp;ugyanis egy \u00e1tfog\u00f3, ambici\u00f3zus szerz\u0151d\u00e9st jelent \u2014 nem kevesebb, mint 80\u201390 milli\u00e1rd forintos becs\u00fclt \u00e9rt\u00e9k\u0171 ad\u00f3cs\u00f6kkent\u00e9si \u00e9s ad\u00f3egyszer\u0171s\u00edt\u00e9si csomagra vonatkoz\u00f3an.&nbsp;<\/p><\/div>\r\n        <\/div>\r\n    <\/div>\r\n        <\/div>\r\n            <div class=\"col-md-6 col-xs-12 inline-col feed-item\">\r\n            <div class=\"clearfix\">\r\n        <div class=\"img\">\r\n            <a  href=\"https:\/\/kemkik.positive.hu\/hirek\/kamarai-uzleti-delegaciok-tamogatott-reszveteli-lehetoseggel-2026-januar-februar\" tabindex=\"-1\">\r\n                <img class=\"img-responsive img-center\" src=\"\/uploads\/feed_items\/small-crew-travel-1920-1764684130027.jpg\" alt=\"Kamarai \u00fczleti deleg\u00e1ci\u00f3k t\u00e1mogatott r\u00e9szv\u00e9teli lehet\u0151s\u00e9ggel \u2013 2026 janu\u00e1r-febru\u00e1r\">\r\n            <\/a>\r\n        <\/div>\r\n        <div class=\"info\">\r\n            <div class=\"title\"><a  href=\"https:\/\/kemkik.positive.hu\/hirek\/kamarai-uzleti-delegaciok-tamogatott-reszveteli-lehetoseggel-2026-januar-februar\">Kamarai \u00fczleti deleg\u00e1ci\u00f3k t\u00e1mogatott r\u00e9szv\u00e9teli lehet\u0151s\u00e9ggel \u2013 2026 janu\u00e1r-febru\u00e1r<\/a><\/div>\r\n                            <ul class=\"categories\">\r\n                                            <li><a style=\"background: #5123b3; color: #ffffff\" href=\"https:\/\/kemkik.positive.hu\/hirek\/kulgazdasagi-hirek\">K\u00fclgazdas\u00e1gi h\u00edrek<\/a><\/li>\r\n                                        <li><span class=\"public-at\">2025. december 02.<\/span><\/li>\r\n                <\/ul>\r\n                        <div class=\"desc\"><p style=\"text-align:justify\">A magyar export\u0151r kis- \u00e9s k\u00f6z\u00e9pv\u00e1llalkoz\u00e1sok exportpiaci jelenl\u00e9t\u00e9nek fejleszt\u00e9se \u00e9s \u00fczleti kapcsolatrendszer\u00fck b\u0151v\u00edt\u00e9se c\u00e9lj\u00e1b\u00f3l a Magyar Kereskedelmi \u00e9s Iparkamara V\u00e1llalkoz\u00e1sfejleszt\u00e9si Projektj\u00e9nek keret\u00e9ben a Nemzetgazdas\u00e1gi Miniszt\u00e9rium t\u00e1mogat\u00e1s\u00e1val 2026 janu\u00e1rban \u00e9s febru\u00e1rban <strong><em>az al\u00e1bbi k\u00fclf\u00f6ldi <\/em><\/strong><strong><em>szakv\u00e1s\u00e1rokra szervez \u00fczleti deleg\u00e1ci\u00f3kat t\u00e1mogatott l\u00e1togat\u00f3i r\u00e9szv\u00e9teli lehet\u0151s\u00e9ggel: <\/em><\/strong><\/p><\/div>\r\n        <\/div>\r\n    <\/div>\r\n        <\/div>\r\n            <div class=\"col-md-6 col-xs-12 inline-col feed-item\">\r\n            <div class=\"clearfix\">\r\n        <div class=\"img\">\r\n            <a  href=\"https:\/\/kemkik.positive.hu\/hirek\/108-millio-euros-szukseghelyzeti-tamogatast-nyujt-a-magyar-gazdaknak-a-bizottsag\" tabindex=\"-1\">\r\n                <img class=\"img-responsive img-center\" src=\"\/uploads\/feed_items\/small-apples-1920-17640741983071.jpg\" alt=\"10,8 milli\u00f3 eur\u00f3s sz\u00fcks\u00e9ghelyzeti t\u00e1mogat\u00e1st ny\u00fajt a magyar gazd\u00e1knak a Bizotts\u00e1g\">\r\n            <\/a>\r\n        <\/div>\r\n        <div class=\"info\">\r\n            <div class=\"title\"><a  href=\"https:\/\/kemkik.positive.hu\/hirek\/108-millio-euros-szukseghelyzeti-tamogatast-nyujt-a-magyar-gazdaknak-a-bizottsag\">10,8 milli\u00f3 eur\u00f3s sz\u00fcks\u00e9ghelyzeti t\u00e1mogat\u00e1st ny\u00fajt a magyar gazd\u00e1knak a Bizotts\u00e1g<\/a><\/div>\r\n                            <ul class=\"categories\">\r\n                                            <li><a style=\"background: #415d19; color: #ffffff\" href=\"https:\/\/kemkik.positive.hu\/hirek\/europe-direct-hirek\">Europe Direct h\u00edrek<\/a><\/li>\r\n                                        <li><span class=\"public-at\">2025. november 25.<\/span><\/li>\r\n                <\/ul>\r\n                        <div class=\"desc\"><p style=\"text-align:justify\">Az Eur\u00f3pai Bizotts\u00e1g ma javaslatot tett arra vonatkoz\u00f3an, hogy a mez\u0151gazdas\u00e1gi tartal\u00e9kb\u00f3l k\u00f6zel 50 milli\u00f3 eur\u00f3t ford\u00edtsanak a bulg\u00e1riai, magyarorsz\u00e1gi, lettorsz\u00e1gi, litv\u00e1niai, lengyelorsz\u00e1gi \u00e9s rom\u00e1niai gy\u00fcm\u00f6lcs-, di\u00f3f\u00e9le- \u00e9s z\u00f6lds\u00e9gtermel\u0151k t\u00e1mogat\u00e1s\u00e1ra. E tag\u00e1llamokban a gazd\u00e1k nemr\u00e9giben jelent\u0151s k\u00e1rokat szenvedtek el kedvez\u0151tlen \u00e9ghajlati jelens\u00e9gek miatt.<\/p><\/div>\r\n        <\/div>\r\n    <\/div>\r\n        <\/div>\r\n            <div class=\"col-md-6 col-xs-12 inline-col feed-item\">\r\n            <div class=\"clearfix\">\r\n        <div class=\"img\">\r\n            <a  href=\"https:\/\/kemkik.positive.hu\/hirek\/tizenegy-pontos-vallalkozasi-adocsokkentesi-megallapodast-jelentett-be-orban-viktor-es-nagy-elek\" tabindex=\"-1\">\r\n                <img class=\"img-responsive img-center\" src=\"\/uploads\/feed_items\/small-nagy-elek-orban-viktor-mkik-1763386867661.jpg\" alt=\"Tizenegy pontos v\u00e1llalkoz\u00e1si ad\u00f3cs\u00f6kkent\u00e9si meg\u00e1llapod\u00e1st jelentett be Orb\u00e1n Viktor \u00e9s Nagy Elek\">\r\n            <\/a>\r\n        <\/div>\r\n        <div class=\"info\">\r\n            <div class=\"title\"><a  href=\"https:\/\/kemkik.positive.hu\/hirek\/tizenegy-pontos-vallalkozasi-adocsokkentesi-megallapodast-jelentett-be-orban-viktor-es-nagy-elek\">Tizenegy pontos v\u00e1llalkoz\u00e1si ad\u00f3cs\u00f6kkent\u00e9si meg\u00e1llapod\u00e1st jelentett be Orb\u00e1n Viktor \u00e9s Nagy Elek<\/a><\/div>\r\n                            <ul class=\"categories\">\r\n                                            <li><a style=\"background: #305f31; color: #ffffff\" href=\"https:\/\/kemkik.positive.hu\/hirek\/kemkik-hirek\">KEMKIK h\u00edrek<\/a><\/li>\r\n                                        <li><span class=\"public-at\">2025. november 17.<\/span><\/li>\r\n                <\/ul>\r\n                        <div class=\"desc\"><p style=\"text-align:justify\">A minisztereln\u00f6k k\u00f6z\u00f6lte: a Magyar Kereskedelmi \u00e9s Iparkamar\u00e1val (MKIK) egy tizenegy pontb\u00f3l \u00e1ll\u00f3, a becsl\u00e9sek szerint 80 \u00e9s 90 milli\u00e1rd forint \u00e9rt\u00e9k\u0171 ad\u00f3cs\u00f6kkent\u00e9si \u00e9s ad\u00f3egyszer\u0171s\u00edt\u00e9si meg\u00e1llapod\u00e1st k\u00f6tnek. \"<em>A v\u00e1llalkoz\u00f3k ad\u00f3terheit cs\u00f6kkenteni fogjuk, az \u0151ket terhel\u0151 b\u00fcrokr\u00e1ci\u00e1t pedig visszav\u00e1gjuk\"<\/em>&nbsp;- tette hozz\u00e1.<\/p><\/div>\r\n        <\/div>\r\n    <\/div>\r\n        <\/div>\r\n            <div class=\"col-md-6 col-xs-12 inline-col feed-item\">\r\n            <div class=\"clearfix\">\r\n        <div class=\"img\">\r\n            <a  href=\"https:\/\/kemkik.positive.hu\/hirek\/4-for-europe-europai-unios-tematikaju-orszagos-tanulmanyi-verseny-kozepiskolas-diakoknak\" tabindex=\"-1\">\r\n                <img class=\"img-responsive img-center\" src=\"\/uploads\/feed_items\/small-color-4feuat2x-1-17640761649594.png\" alt=\"4 FOR EUROPE  eur\u00f3pai uni\u00f3s tematik\u00e1j\u00fa orsz\u00e1gos tanulm\u00e1nyi verseny k\u00f6z\u00e9piskol\u00e1s di\u00e1koknak\">\r\n            <\/a>\r\n        <\/div>\r\n        <div class=\"info\">\r\n            <div class=\"title\"><a  href=\"https:\/\/kemkik.positive.hu\/hirek\/4-for-europe-europai-unios-tematikaju-orszagos-tanulmanyi-verseny-kozepiskolas-diakoknak\">4 FOR EUROPE  eur\u00f3pai uni\u00f3s tematik\u00e1j\u00fa orsz\u00e1gos tanulm\u00e1nyi verseny k\u00f6z\u00e9piskol\u00e1s di\u00e1koknak<\/a><\/div>\r\n                            <ul class=\"categories\">\r\n                                            <li><a style=\"background: #415d19; color: #ffffff\" href=\"https:\/\/kemkik.positive.hu\/hirek\/europe-direct-hirek\">Europe Direct h\u00edrek<\/a><\/li>\r\n                                        <li><span class=\"public-at\">2025. november 06.<\/span><\/li>\r\n                <\/ul>\r\n                        <div class=\"desc\"><p style=\"text-align:justify\">A magyarorsz\u00e1gi Europe Direct H\u00e1l\u00f3zat, az Eur\u00f3pai Bizotts\u00e1g Magyarorsz\u00e1gi K\u00e9pviselete \u00e9s az Eur\u00f3pai Parlament Kapcsolattart\u00f3 Irod\u00e1ja <strong>4 for EUrope<\/strong> c\u00edmmel eur\u00f3pai uni\u00f3s tematik\u00e1j\u00fa vet\u00e9lked\u0151t hirdetett 2025 szeptember\u00e9ben \u2013 imm\u00e1ron 13. alkalommal \u2013 k\u00f6z\u00e9piskol\u00e1s di\u00e1koknak Magyarorsz\u00e1g Eur\u00f3pai Uni\u00f3hoz val\u00f3 csatlakoz\u00e1s\u00e1nak 21. \u00e9vfordul\u00f3ja alkalm\u00e1b\u00f3l.<\/p><\/div>\r\n        <\/div>\r\n    <\/div>\r\n        <\/div>\r\n    <\/div>\r\n\r\n<ul class=\"pagination text-center\">\r\n                    <li class=\"left\"><a aria-label=\"El\u0151z\u0151\" href=\"https:\/\/kemkik.positive.hu\/api\/feeds\/page?page=7\" rel=\"nofollow\"><i aria-hidden=\"true\" class=\"icon icon-arrow-flat-left\"><\/i><\/a><\/li>\r\n        \r\n                    \r\n                                                                        <li><a href=\"https:\/\/kemkik.positive.hu\/api\/feeds\/page?page=1\" rel=\"nofollow\" aria-label=\"1. oldal bet\u00f6lt\u00e9se\">01<\/a><\/li>\r\n                                                                                <li><a href=\"https:\/\/kemkik.positive.hu\/api\/feeds\/page?page=2\" rel=\"nofollow\" aria-label=\"2. oldal bet\u00f6lt\u00e9se\">02<\/a><\/li>\r\n                                                                                    <li class=\"disabled\"><span>...<\/span><\/li>\r\n            \r\n                                \r\n                                                                        <li><a href=\"https:\/\/kemkik.positive.hu\/api\/feeds\/page?page=5\" rel=\"nofollow\" aria-label=\"5. oldal bet\u00f6lt\u00e9se\">05<\/a><\/li>\r\n                                                                                <li><a href=\"https:\/\/kemkik.positive.hu\/api\/feeds\/page?page=6\" rel=\"nofollow\" aria-label=\"6. oldal bet\u00f6lt\u00e9se\">06<\/a><\/li>\r\n                                                                                <li><a href=\"https:\/\/kemkik.positive.hu\/api\/feeds\/page?page=7\" rel=\"nofollow\" aria-label=\"7. oldal bet\u00f6lt\u00e9se\">07<\/a><\/li>\r\n                                                                                <li class=\"active\" aria-label=\"8. oldal bet\u00f6lt\u00e9se\"><span>08<\/span><\/li>\r\n                                                                                <li><a href=\"https:\/\/kemkik.positive.hu\/api\/feeds\/page?page=9\" rel=\"nofollow\" aria-label=\"9. oldal bet\u00f6lt\u00e9se\">09<\/a><\/li>\r\n                                                                                <li><a href=\"https:\/\/kemkik.positive.hu\/api\/feeds\/page?page=10\" rel=\"nofollow\" aria-label=\"10. oldal bet\u00f6lt\u00e9se\">10<\/a><\/li>\r\n                                                                                <li><a href=\"https:\/\/kemkik.positive.hu\/api\/feeds\/page?page=11\" rel=\"nofollow\" aria-label=\"11. oldal bet\u00f6lt\u00e9se\">11<\/a><\/li>\r\n                                                                                    <li class=\"disabled\"><span>...<\/span><\/li>\r\n            \r\n                                \r\n                                                                        <li><a href=\"https:\/\/kemkik.positive.hu\/api\/feeds\/page?page=94\" rel=\"nofollow\" aria-label=\"94. oldal bet\u00f6lt\u00e9se\">94<\/a><\/li>\r\n                                                                                <li><a href=\"https:\/\/kemkik.positive.hu\/api\/feeds\/page?page=95\" rel=\"nofollow\" aria-label=\"95. oldal bet\u00f6lt\u00e9se\">95<\/a><\/li>\r\n                                                        \r\n                    <li class=\"right\"><a aria-label=\"K\u00f6vetkez\u0151\" href=\"https:\/\/kemkik.positive.hu\/api\/feeds\/page?page=9\" rel=\"nofollow\"><i aria-hidden=\"true\" class=\"icon icon-arrow-flat-right\"><\/i><\/a><\/li>\r\n            <\/ul>\r\n\r\n","page":"8"}